{"id":1023,"date":"2025-11-16T08:08:00","date_gmt":"2025-11-16T11:08:00","guid":{"rendered":"https:\/\/www.encontraportovelho.com.br\/sobre\/de-volta-as-raizes\/"},"modified":"2025-11-16T08:08:00","modified_gmt":"2025-11-16T11:08:00","slug":"de-volta-as-raizes","status":"publish","type":"post","link":"https:\/\/www.encontraportovelho.com.br\/sobre\/de-volta-as-raizes\/","title":{"rendered":"DE VOLTA \u00c0S RA\u00cdZES"},"content":{"rendered":"<div class=\"13d057bedbee569bbd7541dee57205a1\" data-index=\"1\" style=\"float: none; margin:0px;\">\n<!-- Anuncio display - global -->\r\n<ins class=\"adsbygoogle\"\r\n     style=\"display:block\"\r\n     data-ad-client=\"ca-pub-8585364105181520\"\r\n     data-ad-slot=\"8789329856\"\r\n     data-ad-format=\"auto\"\r\n     data-full-width-responsive=\"true\"><\/ins>\r\n<script>\r\n     (adsbygoogle = window.adsbygoogle || []).push({});\r\n<\/script>\n<\/div>\n<h2>Novas Avenidas Recebem Ilumina\u00e7\u00e3o<\/h2>\n<p>A cidade de Porto Velho, conhecida por sua diversidade cultural e encantos naturais, est\u00e1 se preparando para um Natal mais iluminado e vibrante. Este ano, tr\u00eas avenidas ic\u00f4nicas, a Sete de Setembro, a Jos\u00e9 Amador dos Reis e a Jorge Teixeira, receber\u00e3o uma aten\u00e7\u00e3o especial no que diz respeito \u00e0 ilumina\u00e7\u00e3o natalina. Essas ruas, que por mais de uma d\u00e9cada n\u00e3o contavam com uma decora\u00e7\u00e3o natalina significativa, est\u00e3o prestes a se transformar em verdadeiros pontos tur\u00edsticos e de celebra\u00e7\u00e3o.<\/p>\n<p>A iniciativa do prefeito L\u00e9o Moraes visa restabelecer uma tradi\u00e7\u00e3o que fez parte da hist\u00f3ria da cidade e que traz um sentimento de comunidade e pertencimento entre os habitantes. A ilumina\u00e7\u00e3o n\u00e3o somente embeleza a cidade, mas tamb\u00e9m trouxe um renascimento do esp\u00edrito natalino, criando um ambiente prop\u00edcio para a conviv\u00eancia. Para muitos porto-velhenses, as luzes representam um s\u00edmbolo de esperan\u00e7a e renova\u00e7\u00e3o, especialmente ap\u00f3s per\u00edodos desafiadores.Nesta temporada, as decora\u00e7\u00f5es nas avenidas incluir\u00e3o uma variedade de elementos, como guirlandas, luzes cintilantes e, claro, \u00e1rvores de Natal que se destacam. Al\u00e9m disso, as avenidas ser\u00e3o preparadas para receber visitantes e moradores que desejam passear e aproveitar a atmosfera festiva.<\/p>\n<p>Essas mudan\u00e7as n\u00e3o apenas embelezam o espa\u00e7o urbano, mas tamb\u00e9m incentivam a participa\u00e7\u00e3o da popula\u00e7\u00e3o nas festividades. Com mais pontos de ilumina\u00e7\u00e3o, as pessoas se sentir\u00e3o mais inclinadas a sair de suas casas e desfrutar da magia do Natal. O retorno da ilumina\u00e7\u00e3o nas avenidas refor\u00e7a a import\u00e2ncia de manter vivas as tradi\u00e7\u00f5es locais, promovendo uma identidade que une a cidade e seus habitantes.<\/p>\n<p><img decoding=\"async\" src=\"https:\/\/www.encontraportovelho.com.br\/sobre\/wp-content\/uploads\/2025\/11\/de-volta-as-raizes.webp\" alt=\"ilumina\u00e7\u00e3o natalina\" loading=\"lazy\" \/><\/p>\n<h2>Pra\u00e7a Jonathas Pedroza: Destaque Especial<\/h2>\n<p>Outro elemento central da decora\u00e7\u00e3o natalina deste ano em Porto Velho ser\u00e1 a Pra\u00e7a Jonathas Pedroza, que promete se tornar um dos principais atrativos da cidade durante essa \u00e9poca festiva. A pra\u00e7a ser\u00e1 adornada com uma ilumina\u00e7\u00e3o especial, que inclui uma majestosa \u00e1rvore de Natal de seis metros de altura. A escolha pela Pra\u00e7a Jonathas Pedroza n\u00e3o \u00e9 meramente simb\u00f3lica; ela ser\u00e1 o cora\u00e7\u00e3o das festividades, onde fam\u00edlias e amigos poder\u00e3o se reunir para celebrar e desfrutar das atra\u00e7\u00f5es programadas.<\/p>\n<p>A presen\u00e7a da \u00e1rvore de Natal em tamanho grandioso na pra\u00e7a n\u00e3o \u00e9 apenas um espet\u00e1culo visual, mas tamb\u00e9m um convite \u00e0 reflex\u00e3o sobre a import\u00e2ncia do Natal e suas tradi\u00e7\u00f5es. As pessoas s\u00e3o incentivadas a tirar fotos e compartilhar momentos especiais com os entes queridos, tornando a pra\u00e7a um verdadeiro ponto de encontro. Al\u00e9m da ilumina\u00e7\u00e3o, a programa\u00e7\u00e3o contar\u00e1 com eventos e atividades que envolvem apresenta\u00e7\u00f5es art\u00edsticas, performances e a possibilidade de apresenta\u00e7\u00f5es culturais locais, tornando o esp\u00edrito natalino ainda mais vibrante e acolhedor.<\/p>\n<p>A Pra\u00e7a Jonathas Pedroza tamb\u00e9m ser\u00e1 um espa\u00e7o para a promo\u00e7\u00e3o de eventos de intera\u00e7\u00e3o comunit\u00e1ria, como feiras de artesanato e apresenta\u00e7\u00f5es musicais que destacam o talento local. Assim, a pra\u00e7a se transforma em um espa\u00e7o n\u00e3o apenas de festividade, mas de celebra\u00e7\u00e3o da cultura e da comunidade portovelhense.<\/p>\n<h2>Programa de Natal Integra Distritos<\/h2>\n<p>Uma das mais emocionantes novidades para o Natal deste ano em Porto Velho \u00e9 a inclus\u00e3o dos distritos na decora\u00e7\u00e3o natalina. Pela primeira vez, locais que tradicionalmente ficaram de fora das festividades urbanas estar\u00e3o ornados com luzes e decora\u00e7\u00f5es festivas. Esta iniciativa visa integrar todas as partes da popula\u00e7\u00e3o ao esp\u00edrito natalino, garantindo que todos os cidad\u00e3os, independentemente de onde vivam, possam participar das comemora\u00e7\u00f5es.<\/p>\n<p>A expans\u00e3o da ilumina\u00e7\u00e3o natalina para os distritos demonstra uma sensibilidade do governo local em atingir todos os cidad\u00e3os e dar a cada um deles a oportunidade de vivenciar a magia do Natal. Essa a\u00e7\u00e3o \u00e9 um passo significativo na constru\u00e7\u00e3o de uma cidade mais igualit\u00e1ria, onde todos os moradores, mesmo aqueles mais distantes do centro urbano, possam sentir o calor e a alegria dessa \u00e9poca especial.<\/p>\n<p>Al\u00e9m da ilumina\u00e7\u00e3o, as comunidades nos distritos ter\u00e3o acesso a atividades e eventos que promovem a confraterniza\u00e7\u00e3o e o compartilhamento de tradi\u00e7\u00f5es. O intuito \u00e9 criar uma rede de uni\u00e3o e harmonia entre as localidades, promovendo a intera\u00e7\u00e3o e a troca de experi\u00eancias, e fazendo com que o Natal chegue de forma significativa a cada rinc\u00e3o da cidade.<\/p>\n<h2>Gest\u00e3o Respons\u00e1vel nas Festividades<\/h2>\n<p>Entre as diretrizes que nortearam a implementa\u00e7\u00e3o da decora\u00e7\u00e3o natalina de Porto Velho est\u00e1 a gest\u00e3o respons\u00e1vel, que busca n\u00e3o apenas embelezar a cidade, mas fazer isso de maneira sustent\u00e1vel e consciente. O governo municipal, liderado pelo prefeito L\u00e9o Moraes, tem se comprometido com a redu\u00e7\u00e3o de custos e a maximiza\u00e7\u00e3o dos recursos dispon\u00edveis, visando um uso mais eficiente e respons\u00e1vel do dinheiro p\u00fablico.<\/p>\n<p>Este ano, a decora\u00e7\u00e3o natalina custar\u00e1 menos do que em anos anteriores, devido a um planejamento cuidadoso e ao reaproveitamento de materiais utilizados em festividades anteriores. Isso demonstra um compromisso com a transpar\u00eancia e a responsabilidade fiscal, aspectos essenciais na administra\u00e7\u00e3o p\u00fablica. O objetivo \u00e9 garantir que a celebra\u00e7\u00e3o do Natal ocorra sem comprometer o or\u00e7amento municipal e, ao mesmo tempo, oferecendo uma festividade digna e emocionante para a popula\u00e7\u00e3o.<\/p>\n<p>Essa abordagem de gest\u00e3o respons\u00e1vel se estende tamb\u00e9m \u00e0 escolha de fornecedores locais para a decora\u00e7\u00e3o, estimulando a economia regional e garantindo que os recursos fiquem na pr\u00f3pria comunidade. Em vez de contratar grandes empresas de fora, prioriza-se a contrata\u00e7\u00e3o de pequenos produtores e comerciantes da regi\u00e3o, promovendo a valoriza\u00e7\u00e3o do com\u00e9rcio local e ajudando na gera\u00e7\u00e3o de emprego. Dessa forma, as festividades se tornam n\u00e3o apenas uma celebra\u00e7\u00e3o da tradi\u00e7\u00e3o, mas tamb\u00e9m uma oportunidade de ressurgimento econ\u00f4mico e social.<\/p>\n<h2>Atra\u00e7\u00f5es In\u00e9ditas para Todos<\/h2>\n<p>Neste Natal, Porto Velho promete um leque diversificado de atra\u00e7\u00f5es que v\u00e3o muito al\u00e9m da ilumina\u00e7\u00e3o das avenidas e pra\u00e7as. A programa\u00e7\u00e3o inclui shows, apresenta\u00e7\u00f5es art\u00edsticas, atividades para crian\u00e7as e eventos culturais que elevam o esp\u00edrito festivo e proporcionam momentos memor\u00e1veis para toda a fam\u00edlia. As atra\u00e7\u00f5es foram cuidadosamente planejadas para atender a todas as idades e gostos, garantindo que todos possam desfrutar do clima especial do Natal.<\/p>\n<p>Eventos como concertos de Natal, performances de dan\u00e7a e teatro, al\u00e9m de atividades recreativas para crian\u00e7as, estar\u00e3o dispon\u00edveis ao longo do m\u00eas. As fam\u00edlias poder\u00e3o participar de oficinas de artesanato, al\u00e9m de eventos interativos que incentivar\u00e3o a criatividade e o envolvimento dos participantes. A ideia \u00e9 criar um ambiente acolhedor e inclusivo, onde cada pessoa sinta que faz parte da celebra\u00e7\u00e3o.<\/p>\n<p>Essa variedade de atra\u00e7\u00f5es tem o objetivo de transformar Porto Velho em um verdadeiro centro de festividades com um apelo cultural diferente, permitindo que os moradores e visitantes conhe\u00e7am mais sobre as tradi\u00e7\u00f5es locais e o talento que existe na cidade. O Natal, portanto, n\u00e3o ser\u00e1 apenas uma data no calend\u00e1rio, mas uma verdadeira \u00e9poca de celebra\u00e7\u00e3o comunit\u00e1ria, onde a divers\u00e3o e a uni\u00e3o estar\u00e3o em destaque.<\/p>\n<h2>Participa\u00e7\u00e3o da Comunidade na Celebra\u00e7\u00e3o<\/h2>\n<p>Um dos aspectos mais significativos das festividades de Natal em Porto Velho \u00e9 a ampla participa\u00e7\u00e3o da comunidade. O empenho em envolver os cidad\u00e3os no planejamento e execu\u00e7\u00e3o das comemora\u00e7\u00f5es reflete um compromisso com a democratiza\u00e7\u00e3o da cultura e a valoriza\u00e7\u00e3o do protagonismo local. Os moradores da cidade foram convidados a colaborar com sugest\u00f5es e ideias, tornando este Natal um acontecimento coletivo.<\/p>\n<p>A organiza\u00e7\u00e3o de eventos e a realiza\u00e7\u00e3o de atividades festivas rodam em colabora\u00e7\u00e3o entre a prefeitura e diversas associa\u00e7\u00f5es comunit\u00e1rias, grupos culturais e volunt\u00e1rios, o que fortalece os la\u00e7os entre as pessoas. Esse tipo de engajamento \u00e9 fundamental para a constru\u00e7\u00e3o de um ambiente onde todos se sentem valorizados e parte da festividade.<\/p>\n<p>A intera\u00e7\u00e3o entre os cidad\u00e3os se traduz em diversas a\u00e7\u00f5es, como a organiza\u00e7\u00e3o de desfiles natalinos, onde as escolas e organiza\u00e7\u00f5es locais se apresentam, mostrando todo o talento e criatividade da juventude portovelhense. Al\u00e9m disso, a participa\u00e7\u00e3o da popula\u00e7\u00e3o na decora\u00e7\u00e3o das pra\u00e7as e avenidas \u00e9 um s\u00edmbolo poderoso da uni\u00e3o e do trabalho em equipe que marcam a identidade de Porto Velho.<\/p>\n<h2>A Hist\u00f3ria da Ilumina\u00e7\u00e3o Natalina em Porto Velho<\/h2>\n<p>A tradi\u00e7\u00e3o da ilumina\u00e7\u00e3o natalina em Porto Velho remonta a d\u00e9cadas passadas, quando as festividades eram um ponto de destaque na vida social da cidade. Por muitos anos, as luzes de Natal testemunharam momentos de uni\u00e3o e comemora\u00e7\u00e3o, atraindo moradores e turistas para as ruas decoradas. Contudo, essa tradi\u00e7\u00e3o foi se perdendo ao longo do tempo, e a cidade passou por um per\u00edodo em que a ilumina\u00e7\u00e3o natalina foi deixada de lado.<\/p>\n<p>O resgate desta pr\u00e1tica n\u00e3o \u00e9 apenas uma quest\u00e3o est\u00e9tica; \u00e9 uma maneira de reafirmar a identidade cultural da cidade e de promover um sentimento de pertencimento entre os cidad\u00e3os. A ilumina\u00e7\u00e3o de Natal \u00e9 um s\u00edmbolo da esperan\u00e7a, da renova\u00e7\u00e3o e da celebra\u00e7\u00e3o da vida, valores essenciais que fazem parte da ess\u00eancia do povo de Porto Velho.<\/p>\n<p>O retorno da ilumina\u00e7\u00e3o natalina \u00e0s avenidas e pra\u00e7as \u00e9 um retorno \u00e0s ra\u00edzes e uma reafirma\u00e7\u00e3o do compromisso do munic\u00edpio em proporcionar bem-estar e alegria a todos. Contar com uma cidade iluminada e cheia de vida durante as festividades de fim de ano \u00e9 um presente de Natal que todos merecem. Assim, Porto Velho se redescobre por meio da luz e das tradi\u00e7\u00f5es que a formam.<\/p>\n<h2>Impacto da Decora\u00e7\u00e3o nas Compras Locais<\/h2>\n<p>O resgate da decora\u00e7\u00e3o natalina em Porto Velho tamb\u00e9m traz um impacto significativo para o com\u00e9rcio local. Com a cidade atraindo um n\u00famero maior de pessoas para as festividades, os comerciantes t\u00eam a oportunidade de se beneficiarem atrav\u00e9s do aumento do fluxo de visitantes e consumidores. As ruas iluminadas e decoradas certamente incentivam as compras, uma vez que as pessoas s\u00e3o atra\u00eddas pelas luzes e pela atmosfera festiva.<\/p>\n<p>Os comerciantes t\u00eam visto um aumento nas vendas durante a temporada de festas, provando que o investimento em decora\u00e7\u00e3o e eventos \u00e9 fundamental para estimular a economia local. Com o movimento nas lojas, as empresas se sentem motivadas a investir mais, criando ofertas e promo\u00e7\u00f5es especiais que atraem ainda mais consumidores.<\/p>\n<p>Os pequenos neg\u00f3cios, em particular, se beneficiam enormemente com o aumento do tr\u00e2nsito nas \u00e1reas decoradas. A promo\u00e7\u00e3o de eventos e atividades destaca a import\u00e2ncia do consumo local e cria um sentido de comunidade e pertencimento. Incentivar compras em estabelecimentos locais difere de uma experi\u00eancia de compra tradicional, trazendo \u00e0 tona a ess\u00eancia do Natal, que envolve apoio e uni\u00e3o.<\/p>\n<h2>Mudan\u00e7as e Inova\u00e7\u00f5es para Este Natal<\/h2>\n<p>Com a moderniza\u00e7\u00e3o das festividades, Porto Velho n\u00e3o s\u00f3 restabelece suas tradi\u00e7\u00f5es, mas tamb\u00e9m introduz inova\u00e7\u00f5es que visam melhorar a experi\u00eancia de todos os cidad\u00e3os. As mudan\u00e7as nesta temporada n\u00e3o se limitam apenas \u00e0 decora\u00e7\u00e3o, mas estendem-se ao formato dos eventos e \u00e0 participa\u00e7\u00e3o da comunidade. A inclus\u00e3o de tecnologia e novos formatos de celebra\u00e7\u00e3o traz um frescor necess\u00e1rio \u00e0s festividades.<\/p>\n<p>Por exemplo, muitas das atividades programadas estar\u00e3o dispon\u00edveis de maneira h\u00edbrida, combinando eventos presenciais com op\u00e7\u00f5es virtuais. Isso garante que todos, mesmo aqueles que n\u00e3o puderem comparecer fisicamente, tenham a oportunidade de acompanhar e participar das celebra\u00e7\u00f5es. Esse tipo de adapta\u00e7\u00e3o \u00e9 essencial em um mundo que est\u00e1 cada vez mais interconectado.<\/p>\n<p>Al\u00e9m disso, a personaliza\u00e7\u00e3o das experi\u00eancias natalinas se tornar\u00e1 mais proeminente. As pessoas poder\u00e3o criar suas pr\u00f3prias mem\u00f3rias e viv\u00eancias, como a possibilidade de participar de workshops de artesanato, onde podem aprender a fazer sua pr\u00f3pria decora\u00e7\u00e3o natalina. Isso potencializa a import\u00e2ncia do fazer artesanal, promovendo a aprecia\u00e7\u00e3o pelo que \u00e9 aut\u00eantico e m\u00e3o na massa.<\/p>\n<h2>Como Aproveitar ao M\u00e1ximo as Festividades<\/h2>\n<p>Para aqueles que desejam aproveitar ao m\u00e1ximo as festividades natalinas em Porto Velho, algumas dicas s\u00e3o essenciais. Em primeiro lugar, planeje seus passeios e participe das atividades programadas. Tenha um calend\u00e1rio em mente que destaque os eventos que voc\u00ea mais gostaria de participar, para que n\u00e3o perca a chance de vivenciar a magia do Natal.<\/p>\n<p>Al\u00e9m disso, n\u00e3o deixe de explorar as diferentes avenidas e pra\u00e7as iluminadas, pois cada local ter\u00e1 suas particularidades e encantos pr\u00f3prios. As op\u00e7\u00f5es de entretenimento e as luzes brilhantes criam um ambiente perfeito para fotos e mem\u00f3rias especiais com amigos e familiares.<\/p>\n<p>Por fim, traga o esp\u00edrito natalino para casa. Ao participar das festividades, leve consigo os ensinamentos e o calor humano que o Natal proporciona. Seja atrav\u00e9s de doa\u00e7\u00f5es, compartilhando momentos de alegria ou mesmo apoiando o com\u00e9rcio local, cada pequena a\u00e7\u00e3o pode fazer a diferen\u00e7a e contribuir para que o Natal em Porto Velho continue sendo uma \u00e9poca memor\u00e1vel e significativa para todos os moradores.<\/p>\n\n<div style=\"font-size: 0px; height: 0px; line-height: 0px; margin: 0; padding: 0; clear: both;\"><\/div>","protected":false},"excerpt":{"rendered":"<p>Ilumina\u00e7\u00e3o natalina em Porto Velho retorna, agora mais inclusiva e festiva.<\/p>\n","protected":false},"author":1,"featured_media":1022,"comment_status":"closed","ping_status":"closed","sticky":false,"template":"","format":"standard","meta":{"footnotes":""},"categories":[6],"tags":[],"class_list":["post-1023","post","type-post","status-publish","format-standard","has-post-thumbnail","hentry","category-noticias-em-porto-velho","has_thumb"],"yoast_head":"<!-- This site is optimized with the Yoast SEO plugin v20.1 - https:\/\/yoast.com\/wordpress\/plugins\/seo\/ -->\n<title>DE VOLTA \u00c0S RA\u00cdZES - Encontra Porto Velho<\/title>\n<meta name=\"robots\" content=\"index, follow, max-snippet:-1, max-image-preview:large, max-video-preview:-1\" \/>\n<link rel=\"canonical\" href=\"https:\/\/www.encontraportovelho.com.br\/sobre\/de-volta-as-raizes\/\" \/>\n<meta property=\"og:locale\" content=\"pt_BR\" \/>\n<meta property=\"og:type\" content=\"article\" \/>\n<meta property=\"og:title\" content=\"DE VOLTA \u00c0S RA\u00cdZES - Encontra Porto Velho\" \/>\n<meta property=\"og:description\" content=\"Ilumina\u00e7\u00e3o natalina em Porto Velho retorna, agora mais inclusiva e festiva.\" \/>\n<meta property=\"og:url\" content=\"https:\/\/www.encontraportovelho.com.br\/sobre\/de-volta-as-raizes\/\" \/>\n<meta property=\"og:site_name\" content=\"Encontra Porto Velho\" \/>\n<meta property=\"article:published_time\" content=\"2025-11-16T11:08:00+00:00\" \/>\n<meta property=\"og:image\" content=\"https:\/\/www.encontraportovelho.com.br\/sobre\/wp-content\/uploads\/2025\/11\/de-volta-as-raizes.webp\" \/>\n<meta name=\"author\" content=\"Encontra Porto Velho\" \/>\n<meta name=\"twitter:card\" content=\"summary_large_image\" \/>\n<meta name=\"twitter:label1\" content=\"Escrito por\" \/>\n\t<meta name=\"twitter:data1\" content=\"Encontra Porto Velho\" \/>\n\t<meta name=\"twitter:label2\" content=\"Est. tempo de leitura\" \/>\n\t<meta name=\"twitter:data2\" content=\"11 minutos\" \/>\n<script type=\"application\/ld+json\" class=\"yoast-schema-graph\">{\"@context\":\"https:\/\/schema.org\",\"@graph\":[{\"@type\":\"WebPage\",\"@id\":\"https:\/\/www.encontraportovelho.com.br\/sobre\/de-volta-as-raizes\/\",\"url\":\"https:\/\/www.encontraportovelho.com.br\/sobre\/de-volta-as-raizes\/\",\"name\":\"DE VOLTA \u00c0S RA\u00cdZES - Encontra Porto Velho\",\"isPartOf\":{\"@id\":\"https:\/\/www.encontraportovelho.com.br\/sobre\/#website\"},\"datePublished\":\"2025-11-16T11:08:00+00:00\",\"dateModified\":\"2025-11-16T11:08:00+00:00\",\"author\":{\"@id\":\"https:\/\/www.encontraportovelho.com.br\/sobre\/#\/schema\/person\/42176525a40bfc9eb32e562df7b23a2f\"},\"breadcrumb\":{\"@id\":\"https:\/\/www.encontraportovelho.com.br\/sobre\/de-volta-as-raizes\/#breadcrumb\"},\"inLanguage\":\"pt-BR\",\"potentialAction\":[{\"@type\":\"ReadAction\",\"target\":[\"https:\/\/www.encontraportovelho.com.br\/sobre\/de-volta-as-raizes\/\"]}]},{\"@type\":\"BreadcrumbList\",\"@id\":\"https:\/\/www.encontraportovelho.com.br\/sobre\/de-volta-as-raizes\/#breadcrumb\",\"itemListElement\":[{\"@type\":\"ListItem\",\"position\":1,\"name\":\"In\u00edcio\",\"item\":\"https:\/\/www.encontraportovelho.com.br\/sobre\/\"},{\"@type\":\"ListItem\",\"position\":2,\"name\":\"DE VOLTA \u00c0S RA\u00cdZES\"}]},{\"@type\":\"WebSite\",\"@id\":\"https:\/\/www.encontraportovelho.com.br\/sobre\/#website\",\"url\":\"https:\/\/www.encontraportovelho.com.br\/sobre\/\",\"name\":\"Encontra Porto Velho\",\"description\":\"Not\u00edcias, eventos, informa\u00e7\u00f5es e dicas na cidade de Porto Velho e regi\u00e3o.\",\"potentialAction\":[{\"@type\":\"SearchAction\",\"target\":{\"@type\":\"EntryPoint\",\"urlTemplate\":\"https:\/\/www.encontraportovelho.com.br\/sobre\/?s={search_term_string}\"},\"query-input\":\"required name=search_term_string\"}],\"inLanguage\":\"pt-BR\"},{\"@type\":\"Person\",\"@id\":\"https:\/\/www.encontraportovelho.com.br\/sobre\/#\/schema\/person\/42176525a40bfc9eb32e562df7b23a2f\",\"name\":\"Encontra Porto Velho\",\"image\":{\"@type\":\"ImageObject\",\"inLanguage\":\"pt-BR\",\"@id\":\"https:\/\/www.encontraportovelho.com.br\/sobre\/#\/schema\/person\/image\/\",\"url\":\"https:\/\/secure.gravatar.com\/avatar\/f007732be0d27cbf8a336929fe922478?s=96&d=mm&r=g\",\"contentUrl\":\"https:\/\/secure.gravatar.com\/avatar\/f007732be0d27cbf8a336929fe922478?s=96&d=mm&r=g\",\"caption\":\"Encontra Porto Velho\"},\"sameAs\":[\"http:\/\/www.encontraportovelho.com.br\"],\"url\":\"https:\/\/www.encontraportovelho.com.br\/sobre\/author\/eportovelho\/\"}]}<\/script>\n<!-- \/ Yoast SEO plugin. -->","yoast_head_json":{"title":"DE VOLTA \u00c0S RA\u00cdZES - Encontra Porto Velho","robots":{"index":"index","follow":"follow","max-snippet":"max-snippet:-1","max-image-preview":"max-image-preview:large","max-video-preview":"max-video-preview:-1"},"canonical":"https:\/\/www.encontraportovelho.com.br\/sobre\/de-volta-as-raizes\/","og_locale":"pt_BR","og_type":"article","og_title":"DE VOLTA \u00c0S RA\u00cdZES - Encontra Porto Velho","og_description":"Ilumina\u00e7\u00e3o natalina em Porto Velho retorna, agora mais inclusiva e festiva.","og_url":"https:\/\/www.encontraportovelho.com.br\/sobre\/de-volta-as-raizes\/","og_site_name":"Encontra Porto Velho","article_published_time":"2025-11-16T11:08:00+00:00","og_image":[{"url":"https:\/\/www.encontraportovelho.com.br\/sobre\/wp-content\/uploads\/2025\/11\/de-volta-as-raizes.webp"}],"author":"Encontra Porto Velho","twitter_card":"summary_large_image","twitter_misc":{"Escrito por":"Encontra Porto Velho","Est. tempo de leitura":"11 minutos"},"schema":{"@context":"https:\/\/schema.org","@graph":[{"@type":"WebPage","@id":"https:\/\/www.encontraportovelho.com.br\/sobre\/de-volta-as-raizes\/","url":"https:\/\/www.encontraportovelho.com.br\/sobre\/de-volta-as-raizes\/","name":"DE VOLTA \u00c0S RA\u00cdZES - Encontra Porto Velho","isPartOf":{"@id":"https:\/\/www.encontraportovelho.com.br\/sobre\/#website"},"datePublished":"2025-11-16T11:08:00+00:00","dateModified":"2025-11-16T11:08:00+00:00","author":{"@id":"https:\/\/www.encontraportovelho.com.br\/sobre\/#\/schema\/person\/42176525a40bfc9eb32e562df7b23a2f"},"breadcrumb":{"@id":"https:\/\/www.encontraportovelho.com.br\/sobre\/de-volta-as-raizes\/#breadcrumb"},"inLanguage":"pt-BR","potentialAction":[{"@type":"ReadAction","target":["https:\/\/www.encontraportovelho.com.br\/sobre\/de-volta-as-raizes\/"]}]},{"@type":"BreadcrumbList","@id":"https:\/\/www.encontraportovelho.com.br\/sobre\/de-volta-as-raizes\/#breadcrumb","itemListElement":[{"@type":"ListItem","position":1,"name":"In\u00edcio","item":"https:\/\/www.encontraportovelho.com.br\/sobre\/"},{"@type":"ListItem","position":2,"name":"DE VOLTA \u00c0S RA\u00cdZES"}]},{"@type":"WebSite","@id":"https:\/\/www.encontraportovelho.com.br\/sobre\/#website","url":"https:\/\/www.encontraportovelho.com.br\/sobre\/","name":"Encontra Porto Velho","description":"Not\u00edcias, eventos, informa\u00e7\u00f5es e dicas na cidade de Porto Velho e regi\u00e3o.","potentialAction":[{"@type":"SearchAction","target":{"@type":"EntryPoint","urlTemplate":"https:\/\/www.encontraportovelho.com.br\/sobre\/?s={search_term_string}"},"query-input":"required name=search_term_string"}],"inLanguage":"pt-BR"},{"@type":"Person","@id":"https:\/\/www.encontraportovelho.com.br\/sobre\/#\/schema\/person\/42176525a40bfc9eb32e562df7b23a2f","name":"Encontra Porto Velho","image":{"@type":"ImageObject","inLanguage":"pt-BR","@id":"https:\/\/www.encontraportovelho.com.br\/sobre\/#\/schema\/person\/image\/","url":"https:\/\/secure.gravatar.com\/avatar\/f007732be0d27cbf8a336929fe922478?s=96&d=mm&r=g","contentUrl":"https:\/\/secure.gravatar.com\/avatar\/f007732be0d27cbf8a336929fe922478?s=96&d=mm&r=g","caption":"Encontra Porto Velho"},"sameAs":["http:\/\/www.encontraportovelho.com.br"],"url":"https:\/\/www.encontraportovelho.com.br\/sobre\/author\/eportovelho\/"}]}},"_links":{"self":[{"href":"https:\/\/www.encontraportovelho.com.br\/sobre\/wp-json\/wp\/v2\/posts\/1023","targetHints":{"allow":["GET"]}}],"collection":[{"href":"https:\/\/www.encontraportovelho.com.br\/sobre\/wp-json\/wp\/v2\/posts"}],"about":[{"href":"https:\/\/www.encontraportovelho.com.br\/sobre\/wp-json\/wp\/v2\/types\/post"}],"author":[{"embeddable":true,"href":"https:\/\/www.encontraportovelho.com.br\/sobre\/wp-json\/wp\/v2\/users\/1"}],"replies":[{"embeddable":true,"href":"https:\/\/www.encontraportovelho.com.br\/sobre\/wp-json\/wp\/v2\/comments?post=1023"}],"version-history":[{"count":0,"href":"https:\/\/www.encontraportovelho.com.br\/sobre\/wp-json\/wp\/v2\/posts\/1023\/revisions"}],"wp:featuredmedia":[{"embeddable":true,"href":"https:\/\/www.encontraportovelho.com.br\/sobre\/wp-json\/wp\/v2\/media\/1022"}],"wp:attachment":[{"href":"https:\/\/www.encontraportovelho.com.br\/sobre\/wp-json\/wp\/v2\/media?parent=1023"}],"wp:term":[{"taxonomy":"category","embeddable":true,"href":"https:\/\/www.encontraportovelho.com.br\/sobre\/wp-json\/wp\/v2\/categories?post=1023"},{"taxonomy":"post_tag","embeddable":true,"href":"https:\/\/www.encontraportovelho.com.br\/sobre\/wp-json\/wp\/v2\/tags?post=1023"}],"curies":[{"name":"wp","href":"https:\/\/api.w.org\/{rel}","templated":true}]}}