{"id":1073,"date":"2025-11-24T06:21:00","date_gmt":"2025-11-24T09:21:00","guid":{"rendered":"https:\/\/www.encontraportovelho.com.br\/sobre\/prefeitura-transforma-parque-da-cidade-em-espetaculo-natalino\/"},"modified":"2025-11-24T06:21:00","modified_gmt":"2025-11-24T09:21:00","slug":"prefeitura-transforma-parque-da-cidade-em-espetaculo-natalino","status":"publish","type":"post","link":"https:\/\/www.encontraportovelho.com.br\/sobre\/prefeitura-transforma-parque-da-cidade-em-espetaculo-natalino\/","title":{"rendered":"Prefeitura transforma Parque da Cidade em espet\u00e1culo natalino"},"content":{"rendered":"<div class=\"13d057bedbee569bbd7541dee57205a1\" data-index=\"1\" style=\"float: none; margin:0px;\">\n<!-- Anuncio display - global -->\r\n<ins class=\"adsbygoogle\"\r\n     style=\"display:block\"\r\n     data-ad-client=\"ca-pub-8585364105181520\"\r\n     data-ad-slot=\"8789329856\"\r\n     data-ad-format=\"auto\"\r\n     data-full-width-responsive=\"true\"><\/ins>\r\n<script>\r\n     (adsbygoogle = window.adsbygoogle || []).push({});\r\n<\/script>\n<\/div>\n<h2>Abertura Nas Luzes do Parque<\/h2>\n<p>No \u00faltimo dia 22 de novembro de 2025, o Parque da Cidade em Porto Velho transformou-se em um verdadeiro espet\u00e1culo natalino com a inaugura\u00e7\u00e3o do evento &#8220;Porto Velho Luz: Uma Cidade Encantada&#8221;. Esse evento foi planejado para criar um ambiente m\u00e1gico, onde fam\u00edlias, amigos e visitantes pudessem se reunir e desfrutar de uma noite de luzes, alegria e sonhos. Desde o in\u00edcio da noite, o parque se viu repleto de pessoas que, empolgadas, vieram apreciar as diversas atra\u00e7\u00f5es que eram oferecidas.<\/p>\n<p>A abertura do evento n\u00e3o apenas marcou o in\u00edcio das festividades natalinas, mas tamb\u00e9m trouxe um sentimento de esperan\u00e7a e uni\u00e3o para a Capital. A cada passo dentro do parque, os visitantes eram recebidos por cen\u00e1rios deslumbrantes e criativos, como pra\u00e7as de neve artificial, um imponente urso polar, bonecos de neve gigantes e alturas de \u00e1rvores decoradas que se erguiam majestosamente, iluminando o local com milhares de luzes. Esta atmosfera festiva teve um significado ainda mais especial, pois reacendeu nas pessoas um senso de perten\u00e7a e a magia do Natal.<\/p>\n<p>Al\u00e9m da decora\u00e7\u00e3o exuberante, o evento foi pensado para proporcionar momentos de intera\u00e7\u00e3o e divers\u00e3o, o que foi apontado como um dos principais objetivos pela administra\u00e7\u00e3o municipal. A programa\u00e7\u00e3o incluiu, n\u00e3o apenas as atra\u00e7\u00f5es decorativas, mas tamb\u00e9m espa\u00e7os para a gastronomia local, que enriqueciam a experi\u00eancia, garantindo que todos os sentidos fossem despertados durante a visita. O momento de abertura foi, sem d\u00favida, um marco na hist\u00f3ria da cidade, fazendo ecoar risadas e emo\u00e7\u00f5es que permanecem at\u00e9 agora nas mem\u00f3rias de quem viveu essa experi\u00eancia.<\/p>\n<p><img decoding=\"async\" src=\"https:\/\/www.encontraportovelho.com.br\/sobre\/wp-content\/uploads\/2025\/11\/prefeitura-transforma-parque-da-cidade-em-espetaculo-natalino.webp\" alt=\"\" loading=\"lazy\" \/><\/p>\n<h2>Experi\u00eancia Natalina em Porto Velho<\/h2>\n<p>A realiza\u00e7\u00e3o do evento Porto Velho Luz \u00e9 um testemunho do potencial que a cidade possui em criar experi\u00eancias memor\u00e1veis para seus habitantes e visitantes. O prefeito L\u00e9o Moraes, em seu discurso de abertura, ressaltou a import\u00e2ncia do projeto, n\u00e3o apenas como uma forma de animar a cidade durante as festividades, mas tamb\u00e9m como uma oportunidade de unir as fam\u00edlias e a comunidade. Ele expressou seu desejo de que a magia do Natal pudesse ser sentida por todos os que frequentassem o parque.<\/p>\n<p>As fam\u00edlias que visitaram o parque estavam visivelmente emocionadas e satisfeitas com o que encontraram. O clima de fraternidade e alegria era contagiante, e muitos visitantes ficaram deslumbrados com a grandiosidade do evento. Sentados \u00e0 mesa nas pra\u00e7as de alimenta\u00e7\u00e3o, eles compartilhavam risadas e hist\u00f3rias, levando para casa n\u00e3o apenas fotos, mas lembran\u00e7as que aqueceriam seus cora\u00e7\u00f5es. Essa intera\u00e7\u00e3o entre os visitantes foi um elemento crucial para a concep\u00e7\u00e3o do Porto Velho Luz, buscando oferecer um espa\u00e7o onde todos pudessem se sentir acolhidos e parte de uma comunidade maior.<\/p>\n<p>O evento n\u00e3o apenas promoveu o esp\u00edrito natalino, mas tamb\u00e9m impulsionou a autoestima da cidade, mostrando que Porto Velho possui todas as condi\u00e7\u00f5es para sediar eventos de grande porte e que pode se tornar um destino atrativo para turistas. As pequenas cidades tamb\u00e9m t\u00eam seu encanto e seu espa\u00e7o, e Porto Velho demonstrou que \u00e9 um lugar cheio de vida e hist\u00f3rias que at\u00e9 ent\u00e3o precisavam ser contadas.<\/p>\n<h2>A Magia da \u00c1rvore Gigante de LED<\/h2>\n<p>Entre todas as atra\u00e7\u00f5es impressionantes que puderam ser vistas no Porto Velho Luz, a \u00e1rvore gigante de LED foi, sem d\u00favida, a mais ic\u00f4nica. Com seus milhares de l\u00e2mpadas brilhantes e uma altura que deixava todos ao seu redor em admir\u00e1vel contempla\u00e7\u00e3o, a \u00e1rvore tornou-se o s\u00edmbolo m\u00e1ximo do evento. Ao se aproximar, os visitantes podiam sentir a energia vibrante que emanava daquela imponente estrutura, e muitos se reuniam em frente a ela para tirar fotos que capturassem o momento m\u00e1gico.<\/p>\n<p>A \u00e1rvore de Natal gigante n\u00e3o era apenas uma estrutura decorativa; ela era uma representa\u00e7\u00e3o do esp\u00edrito de comunidade. Neste espa\u00e7o, pessoas de todas as idades se reuniam, e as risadas e conversas podiam ser ouvidas enquanto crian\u00e7as e adultos admiravam as luzes que piscavam ao ritmo da m\u00fasica. Este ambiente festivo, recheado de emo\u00e7\u00e3o e alegria, fez com que muitos visitantes dissessem que, ao ver a \u00e1rvore, j\u00e1 sentiam a energia natalina pulsando em seus cora\u00e7\u00f5es.<\/p>\n<p>Al\u00e9m de ser uma atra\u00e7\u00e3o visual, a \u00e1rvore tamb\u00e9m trazia um sentido de uni\u00e3o. Muitas fam\u00edlias se reuniam em torno dela, criando um espa\u00e7o de intera\u00e7\u00e3o, onde se compartilhavam moment\u00e2neas alegrias e esperan\u00e7as. Para muitos, a vis\u00e3o daquela \u00e1rvore luminosa seria um s\u00edmbolo do conforto e da esperan\u00e7a que o Natal prop\u00f5e. \u00c9 claro que a magia de uma \u00e1rvore dessas vai al\u00e9m do f\u00edsico; ela representa um desejo coletivo e uma celebra\u00e7\u00e3o da vida.<\/p>\n<h2>Atra\u00e7\u00f5es Inesquec\u00edveis para Todos<\/h2>\n<p>O Porto Velho Luz n\u00e3o se limitou \u00e0 beleza das luzes e da decora\u00e7\u00e3o, mas tamb\u00e9m se destacou pela variedade de atra\u00e7\u00f5es que foram cuidadosamente pensadas para agradar a todos os p\u00fablicos. Divers\u00e3o e entretenimento foram os pilares centrais que guiaram a programa\u00e7\u00e3o do evento. Uma das atra\u00e7\u00f5es que mais fez sucesso foi o trenzinho que levava visitantes por um passeio encantador ao redor do parque, permitindo que todos pudessem ver as decora\u00e7\u00f5es de um \u00e2ngulo diferente e mais divertido.<\/p>\n<p>A divers\u00e3o se estendeu ainda mais, com a presen\u00e7a de personagens ic\u00f4nicos do Natal, como o Papai Noel e seus ajudantes, que interagiam com as crian\u00e7as, proporcionando momentos de alegria e encantamento. N\u00e3o faltaram tamb\u00e9m atividades interativas, como oficinas de artesanato e espa\u00e7os de conta\u00e7\u00e3o de hist\u00f3rias, que encantaram os pequenos, enquanto os adultos podiam descansar e aproveitar momentos de confraterniza\u00e7\u00e3o.<\/p>\n<p>As apresenta\u00e7\u00f5es culturais tamb\u00e9m fizeram parte integral do evento, com dan\u00e7as e m\u00fasica ao vivo que envolveram a todos em um clima festivo e acolhedor. Os artistas locais foram convidados a se apresentar, e a diversidade musical trouxe nuances e cores diferentes para a programa\u00e7\u00e3o, promovendo talento regional e criando uma din\u00e2mica que uniu gera\u00e7\u00f5es. A intera\u00e7\u00e3o com a cultura local enriqueceu ainda mais a experi\u00eancia do Porto Velho Luz, tornando-o um evento memor\u00e1vel que caracterizou a cidade por seu calor humano e riqueza cultural.<\/p>\n<h2>Gastronomia e Conviv\u00eancia Familiar<\/h2>\n<p>A gastronomia foi um dos aspectos que brilhou durante o Porto Velho Luz. O evento proporcionou um espa\u00e7o de conviv\u00eancia familiar onde as ofertas alimentares eram diversas e saborosas. A Pra\u00e7a de Alimenta\u00e7\u00e3o transformou-se em um verdadeiro ponto de encontro onde sabores locais e tradicionais puderam ser saboreados. Os visitantes E puderam escolher entre v\u00e1rias op\u00e7\u00f5es de comida, desde pratos t\u00edpicos da regi\u00e3o at\u00e9 del\u00edcias internacionais.<\/p>\n<p>Com barracas e quiosques decorados e iluminados, a pra\u00e7a pulsava com o aroma de comidas quentes e doces, e a alegria das conversas entre as fam\u00edlias era palp\u00e1vel. Muitas pessoas aproveitaram as mesas para fazer pequenas comemora\u00e7\u00f5es em fam\u00edlia, e o ambiente descontra\u00eddo propiciou risadas, hist\u00f3rias e, acima de tudo, a sensa\u00e7\u00e3o de pertencimento a uma comunidade que realmente se importa.<\/p>\n<p>As crian\u00e7as se deliciavam com os tradicionais doces natalinos, como rabanadas, panetones e muitos outros quitutes que trazem \u00e0 mem\u00f3ria as melhores recorda\u00e7\u00f5es da inf\u00e2ncia. Este momento de compartilhamento de refei\u00e7\u00f5es em um espa\u00e7o festivo era o que cada visitante levava consigo: um sentimento de uni\u00e3o na diversidade. Enquanto desfrutavam de uma comida deliciosa, os la\u00e7os familiares eram fortalecidos e novas amizades surgiam, tornando a noite ainda mais especial e marcante.<\/p>\n<h2>A Emo\u00e7\u00e3o do Prefeito L\u00e9o Moraes<\/h2>\n<p>Durante a abertura do evento, n\u00e3o h\u00e1 como negar que a emo\u00e7\u00e3o do prefeito L\u00e9o Moraes foi vis\u00edvel. Em seu discurso, ele expressou seu amor pela cidade e seu desejo de proporcionar experi\u00eancias que unissem os cidad\u00e3os em torno de um objetivo: a celebra\u00e7\u00e3o do Natal como um momento de esperan\u00e7a e renova\u00e7\u00e3o. Para o prefeito, o Porto Velho Luz era mais do que um simples evento; era tamb\u00e9m uma forma de revitalizar o esp\u00edrito comunit\u00e1rio.<\/p>\n<p>A fala de L\u00e9o Moraes ressoou dentro de cada cora\u00e7\u00e3o presente, e muitos se emocionaram ao ouvir seu desejo de que as fam\u00edlias pudessem reencontrar a alegria e a uni\u00e3o em tempos em que essas experi\u00eancias s\u00e3o t\u00e3o importantes. A presen\u00e7a dele no evento simbolizou o comprometimento da administra\u00e7\u00e3o municipal em criar espa\u00e7os de conviv\u00eancia e celebra\u00e7\u00e3o e em promover iniciativas que proporcionam felicidade e um futuro melhor para todos.<\/p>\n<p>Esse prop\u00f3sito em reformular a cena natalina na cidade gerou um impacto significativo, enchendo as fam\u00edlias de esperan\u00e7a e energia positiva. A disposi\u00e7\u00e3o dos organizadores e a entrega da equipe foram evidentes, deixando claro que cada detalhe era pensado visando o bem-estar da comunidade. A paix\u00e3o e a determina\u00e7\u00e3o de L\u00e9o Moraes em fazer do Porto Velho Luz um sucesso foram amplamente reconhecidas e celebradas pelos cidad\u00e3os, fazendo deste evento um legado que poder\u00e1 ser relembrado nos anos seguintes.<\/p>\n<h2>Expectativa e Realidade na Festa<\/h2>\n<p>\u00c0 medida que as luzes se acendiam e a noite se desenvolvia, as expectativas para o Porto Velho Luz seguiram sendo superadas por uma realidade m\u00e1gica. Muitos visitantes se mostraram surpresos com a grandiosidade do evento, que prometia ser um enfeite da cidade durante as festividades. Desde seu an\u00fancio, o Porto Velho Luz gerou muito burburinho nas redes sociais e entre os habitantes, e quando finalmente chegou o dia, a cidade se viu transformada em um verdadeiro conto de Natal.<\/p>\n<p>A realiza\u00e7\u00e3o da programa\u00e7\u00e3o com sucesso e a \u00f3tima receptividade demonstraram que as expectativas n\u00e3o estavam apenas atendidas, mas superadas. Os visitantes puderam ver que Porto Velho realmente se preparou para festejar o Natal. As fam\u00edlias, emocionadas e felizes, se dirigiam umas \u00e0s outras, elogiando tudo o que foi visto e vivido no evento. O esp\u00edrito de uni\u00e3o e celebra\u00e7\u00e3o estava no ar, e n\u00e3o havia d\u00favidas de que a cidade tinha criado algo realmente m\u00e1gico.<\/p>\n<p>Os testemunhos de muitas pessoas que estiveram presentes corroboraram a ideia de que aquela noite era um marco. O relato de uma das visitantes, Valdeci Dias, que disse que esta foi a primeira vez em que participou de algo desse tipo, exemplifica bem a satisfa\u00e7\u00e3o geral. Ela destacou qu\u00e3o impactante e \u00fanica foi a experi\u00eancia do Porto Velho Luz, revelando que o evento n\u00e3o apenas trouxe alegria, mas tamb\u00e9m um novo olhar sobre a cidade e suas iniciativas.<\/p>\n<h2>Porto Velho Luz: Uma Nova Tradi\u00e7\u00e3o<\/h2>\n<p>O Porto Velho Luz representa o nascimento de uma nova tradi\u00e7\u00e3o natalina para a cidade. O evento, al\u00e9m de oferecer um espa\u00e7o de celebra\u00e7\u00e3o e descontra\u00e7\u00e3o, simboliza o desejo da comunidade de se unir em datas especiais e de explorar o melhor que Porto Velho tem a oferecer. O sucesso deste primeiro ano \u00e9 um forte indicativo de que o evento ir\u00e1 se solidificar como um encontro anual, trazendo tradi\u00e7\u00e3o e cultura a cada nova edi\u00e7\u00e3o.<\/p>\n<p>Com a promessa de que as festividades continuar\u00e3o at\u00e9 o in\u00edcio de janeiro, a expectativa \u00e9 que o Porto Velho Luz se torne uma refer\u00eancia n\u00e3o apenas na cidade, mas na regi\u00e3o. Esse tipo de evento tem o potencial de atrair turistas e promover o com\u00e9rcio local, permitindo que mais pessoas conhe\u00e7am as belezas e encantos de Porto Velho. Al\u00e9m de consolidar um espa\u00e7o onde a comunidade pode se juntar, a esperan\u00e7a \u00e9 de transformar a cidade em um destino para festividades nos finais de ano.<\/p>\n<p>A ideia de criar tradi\u00e7\u00f5es \u00e9 fundamental para o fortalecimento dos la\u00e7os comunit\u00e1rios e da identidade local. Ent\u00e3o, que venham as luzes, risos e alegrias do Porto Velho Luz nas edi\u00e7\u00f5es seguintes, porque todos n\u00f3s guardamos a esperan\u00e7a de que esses momentos de magia estejam sempre presentes na vida da cidade.<\/p>\n<h2>Impacto na Economia Local<\/h2>\n<p>Al\u00e9m de ser um evento celebrativo, o Porto Velho Luz teve um impacto significativo na economia local. Os empres\u00e1rios e comerciantes da regi\u00e3o se mostraram otimistas com o evento, pois um evento dessa magnitude traz um fluxo de visitantes que pode contribuir para o crescimento do com\u00e9rcio. Muitos micro e pequenos empreendedores tiveram a oportunidade de expor seus produtos e servir refei\u00e7\u00f5es, ampliando seu p\u00fablico e potencial de vendas.<\/p>\n<p>O evento proporcionou uma plataforma para a gastronomia local brilhar e os empreendedores se unirem para oferecer mais do que comida; eles trouxeram sabores que representavam a ess\u00eancia de Porto Velho. Esse movimento pode estimular o desenvolvimento econ\u00f4mico, favorecendo n\u00e3o apenas o crescimento imediato, mas incentivando a solidifica\u00e7\u00e3o de um esp\u00edrito empreendedor que busca crescimento e inova\u00e7\u00e3o.<\/p>\n<p>Paralelamente, o turismo tamb\u00e9m poder\u00e1 ganhar for\u00e7a com a populariza\u00e7\u00e3o do Porto Velho Luz. O evento chama a aten\u00e7\u00e3o de pessoas de outras cidades e estados que podem querer visitar e conhecer as maravilhas de Porto Velho. Esse turismo tamb\u00e9m gera impacto positivo em \u00e1reas como hospedagem e transporte, que atraem visitantes que buscam at\u00e9 mesmo ficar mais alguns dias para conhecer a cultura e as paisagens da regi\u00e3o.<\/p>\n<p>Portanto, o Porto Velho Luz n\u00e3o \u00e9 apenas um evento para celebrar o Natal; ele se transforma em um farol de oportunidades que pode trazer prosperidade e desenvolvimento para a cidade como um todo, estabelecendo um modelo que pode ser replicado em outros eventos sociais e culturais.<\/p>\n<h2>Programa\u00e7\u00e3o e Atra\u00e7\u00f5es at\u00e9 Janeiro<\/h2>\n<p>Com a proposta de manter viva a magia do Natal at\u00e9 janeiro, a programa\u00e7\u00e3o do Porto Velho Luz foi elaborada para garantir que todos os finais de semana acontecimentos especiais continuassem a encantar os visitantes. As apresenta\u00e7\u00f5es e atividades est\u00e3o agendadas para se sucederem, mantendo a cidade em festa e a popula\u00e7\u00e3o animada. Pela proje\u00e7\u00e3o de atividades, espera-se que novos visitantes se juntem aos que j\u00e1 estiveram presentes no evento.<\/p>\n<p>Al\u00e9m da atra\u00e7\u00e3o principal que \u00e9 a \u00e1rvore de Natal de LED, a programa\u00e7\u00e3o promete apresenta\u00e7\u00f5es musicais, dan\u00e7as, conta\u00e7\u00f5es de hist\u00f3rias, oficinas de artesanato, embaladas por um esp\u00edrito natalino que busca fortalecer la\u00e7os e encantar a todos com um aspecto \u00fanico da festividade. A diversifica\u00e7\u00e3o das atividades permite que cada visitante venha e viva a experi\u00eancia da forma que desejar, tornando o Porto Velho Luz um espa\u00e7o onde todos podem se sentir parte de algo especial.<\/p>\n<p>Todos est\u00e1 ansiosos para saber quais surpresas vir\u00e3o ao longo do evento, e a expectativa \u00e9 crescente entre os cidad\u00e3os de Porto Velho. O sucesso do primeiro dia provou que este \u00e9 um caminho a ser seguido, e a promessa de novidades e momentos relaxantes continua a atrair as fam\u00edlias. Em um mundo onde a conex\u00e3o e a comemora\u00e7\u00e3o se tornaram vitais, \u00e9 evidente que o Porto Velho Luz veio para ficar.<\/p>\n\n<div style=\"font-size: 0px; height: 0px; line-height: 0px; margin: 0; padding: 0; clear: both;\"><\/div>","protected":false},"excerpt":{"rendered":"<p>Descubra o encantador espet\u00e1culo natalino Porto Velho Luz e suas atra\u00e7\u00f5es!<\/p>\n","protected":false},"author":1,"featured_media":1072,"comment_status":"closed","ping_status":"closed","sticky":false,"template":"","format":"standard","meta":{"footnotes":""},"categories":[6],"tags":[],"class_list":["post-1073","post","type-post","status-publish","format-standard","has-post-thumbnail","hentry","category-noticias-em-porto-velho","has_thumb"],"yoast_head":"<!-- This site is optimized with the Yoast SEO plugin v20.1 - https:\/\/yoast.com\/wordpress\/plugins\/seo\/ -->\n<title>Prefeitura transforma Parque da Cidade em espet\u00e1culo natalino - Encontra Porto Velho<\/title>\n<meta name=\"robots\" content=\"index, follow, max-snippet:-1, max-image-preview:large, max-video-preview:-1\" \/>\n<link rel=\"canonical\" href=\"https:\/\/www.encontraportovelho.com.br\/sobre\/prefeitura-transforma-parque-da-cidade-em-espetaculo-natalino\/\" \/>\n<meta property=\"og:locale\" content=\"pt_BR\" \/>\n<meta property=\"og:type\" content=\"article\" \/>\n<meta property=\"og:title\" content=\"Prefeitura transforma Parque da Cidade em espet\u00e1culo natalino - Encontra Porto Velho\" \/>\n<meta property=\"og:description\" content=\"Descubra o encantador espet\u00e1culo natalino Porto Velho Luz e suas atra\u00e7\u00f5es!\" \/>\n<meta property=\"og:url\" content=\"https:\/\/www.encontraportovelho.com.br\/sobre\/prefeitura-transforma-parque-da-cidade-em-espetaculo-natalino\/\" \/>\n<meta property=\"og:site_name\" content=\"Encontra Porto Velho\" \/>\n<meta property=\"article:published_time\" content=\"2025-11-24T09:21:00+00:00\" \/>\n<meta property=\"og:image\" content=\"https:\/\/www.encontraportovelho.com.br\/sobre\/wp-content\/uploads\/2025\/11\/prefeitura-transforma-parque-da-cidade-em-espetaculo-natalino.webp\" \/>\n<meta name=\"author\" content=\"Encontra Porto Velho\" \/>\n<meta name=\"twitter:card\" content=\"summary_large_image\" \/>\n<meta name=\"twitter:label1\" content=\"Escrito por\" \/>\n\t<meta name=\"twitter:data1\" content=\"Encontra Porto Velho\" \/>\n\t<meta name=\"twitter:label2\" content=\"Est. tempo de leitura\" \/>\n\t<meta name=\"twitter:data2\" content=\"13 minutos\" \/>\n<script type=\"application\/ld+json\" class=\"yoast-schema-graph\">{\"@context\":\"https:\/\/schema.org\",\"@graph\":[{\"@type\":\"WebPage\",\"@id\":\"https:\/\/www.encontraportovelho.com.br\/sobre\/prefeitura-transforma-parque-da-cidade-em-espetaculo-natalino\/\",\"url\":\"https:\/\/www.encontraportovelho.com.br\/sobre\/prefeitura-transforma-parque-da-cidade-em-espetaculo-natalino\/\",\"name\":\"Prefeitura transforma Parque da Cidade em espet\u00e1culo natalino - Encontra Porto Velho\",\"isPartOf\":{\"@id\":\"https:\/\/www.encontraportovelho.com.br\/sobre\/#website\"},\"datePublished\":\"2025-11-24T09:21:00+00:00\",\"dateModified\":\"2025-11-24T09:21:00+00:00\",\"author\":{\"@id\":\"https:\/\/www.encontraportovelho.com.br\/sobre\/#\/schema\/person\/42176525a40bfc9eb32e562df7b23a2f\"},\"breadcrumb\":{\"@id\":\"https:\/\/www.encontraportovelho.com.br\/sobre\/prefeitura-transforma-parque-da-cidade-em-espetaculo-natalino\/#breadcrumb\"},\"inLanguage\":\"pt-BR\",\"potentialAction\":[{\"@type\":\"ReadAction\",\"target\":[\"https:\/\/www.encontraportovelho.com.br\/sobre\/prefeitura-transforma-parque-da-cidade-em-espetaculo-natalino\/\"]}]},{\"@type\":\"BreadcrumbList\",\"@id\":\"https:\/\/www.encontraportovelho.com.br\/sobre\/prefeitura-transforma-parque-da-cidade-em-espetaculo-natalino\/#breadcrumb\",\"itemListElement\":[{\"@type\":\"ListItem\",\"position\":1,\"name\":\"In\u00edcio\",\"item\":\"https:\/\/www.encontraportovelho.com.br\/sobre\/\"},{\"@type\":\"ListItem\",\"position\":2,\"name\":\"Prefeitura transforma Parque da Cidade em espet\u00e1culo natalino\"}]},{\"@type\":\"WebSite\",\"@id\":\"https:\/\/www.encontraportovelho.com.br\/sobre\/#website\",\"url\":\"https:\/\/www.encontraportovelho.com.br\/sobre\/\",\"name\":\"Encontra Porto Velho\",\"description\":\"Not\u00edcias, eventos, informa\u00e7\u00f5es e dicas na cidade de Porto Velho e regi\u00e3o.\",\"potentialAction\":[{\"@type\":\"SearchAction\",\"target\":{\"@type\":\"EntryPoint\",\"urlTemplate\":\"https:\/\/www.encontraportovelho.com.br\/sobre\/?s={search_term_string}\"},\"query-input\":\"required name=search_term_string\"}],\"inLanguage\":\"pt-BR\"},{\"@type\":\"Person\",\"@id\":\"https:\/\/www.encontraportovelho.com.br\/sobre\/#\/schema\/person\/42176525a40bfc9eb32e562df7b23a2f\",\"name\":\"Encontra Porto Velho\",\"image\":{\"@type\":\"ImageObject\",\"inLanguage\":\"pt-BR\",\"@id\":\"https:\/\/www.encontraportovelho.com.br\/sobre\/#\/schema\/person\/image\/\",\"url\":\"https:\/\/secure.gravatar.com\/avatar\/f007732be0d27cbf8a336929fe922478?s=96&d=mm&r=g\",\"contentUrl\":\"https:\/\/secure.gravatar.com\/avatar\/f007732be0d27cbf8a336929fe922478?s=96&d=mm&r=g\",\"caption\":\"Encontra Porto Velho\"},\"sameAs\":[\"http:\/\/www.encontraportovelho.com.br\"],\"url\":\"https:\/\/www.encontraportovelho.com.br\/sobre\/author\/eportovelho\/\"}]}<\/script>\n<!-- \/ Yoast SEO plugin. -->","yoast_head_json":{"title":"Prefeitura transforma Parque da Cidade em espet\u00e1culo natalino - Encontra Porto Velho","robots":{"index":"index","follow":"follow","max-snippet":"max-snippet:-1","max-image-preview":"max-image-preview:large","max-video-preview":"max-video-preview:-1"},"canonical":"https:\/\/www.encontraportovelho.com.br\/sobre\/prefeitura-transforma-parque-da-cidade-em-espetaculo-natalino\/","og_locale":"pt_BR","og_type":"article","og_title":"Prefeitura transforma Parque da Cidade em espet\u00e1culo natalino - Encontra Porto Velho","og_description":"Descubra o encantador espet\u00e1culo natalino Porto Velho Luz e suas atra\u00e7\u00f5es!","og_url":"https:\/\/www.encontraportovelho.com.br\/sobre\/prefeitura-transforma-parque-da-cidade-em-espetaculo-natalino\/","og_site_name":"Encontra Porto Velho","article_published_time":"2025-11-24T09:21:00+00:00","og_image":[{"url":"https:\/\/www.encontraportovelho.com.br\/sobre\/wp-content\/uploads\/2025\/11\/prefeitura-transforma-parque-da-cidade-em-espetaculo-natalino.webp"}],"author":"Encontra Porto Velho","twitter_card":"summary_large_image","twitter_misc":{"Escrito por":"Encontra Porto Velho","Est. tempo de leitura":"13 minutos"},"schema":{"@context":"https:\/\/schema.org","@graph":[{"@type":"WebPage","@id":"https:\/\/www.encontraportovelho.com.br\/sobre\/prefeitura-transforma-parque-da-cidade-em-espetaculo-natalino\/","url":"https:\/\/www.encontraportovelho.com.br\/sobre\/prefeitura-transforma-parque-da-cidade-em-espetaculo-natalino\/","name":"Prefeitura transforma Parque da Cidade em espet\u00e1culo natalino - Encontra Porto Velho","isPartOf":{"@id":"https:\/\/www.encontraportovelho.com.br\/sobre\/#website"},"datePublished":"2025-11-24T09:21:00+00:00","dateModified":"2025-11-24T09:21:00+00:00","author":{"@id":"https:\/\/www.encontraportovelho.com.br\/sobre\/#\/schema\/person\/42176525a40bfc9eb32e562df7b23a2f"},"breadcrumb":{"@id":"https:\/\/www.encontraportovelho.com.br\/sobre\/prefeitura-transforma-parque-da-cidade-em-espetaculo-natalino\/#breadcrumb"},"inLanguage":"pt-BR","potentialAction":[{"@type":"ReadAction","target":["https:\/\/www.encontraportovelho.com.br\/sobre\/prefeitura-transforma-parque-da-cidade-em-espetaculo-natalino\/"]}]},{"@type":"BreadcrumbList","@id":"https:\/\/www.encontraportovelho.com.br\/sobre\/prefeitura-transforma-parque-da-cidade-em-espetaculo-natalino\/#breadcrumb","itemListElement":[{"@type":"ListItem","position":1,"name":"In\u00edcio","item":"https:\/\/www.encontraportovelho.com.br\/sobre\/"},{"@type":"ListItem","position":2,"name":"Prefeitura transforma Parque da Cidade em espet\u00e1culo natalino"}]},{"@type":"WebSite","@id":"https:\/\/www.encontraportovelho.com.br\/sobre\/#website","url":"https:\/\/www.encontraportovelho.com.br\/sobre\/","name":"Encontra Porto Velho","description":"Not\u00edcias, eventos, informa\u00e7\u00f5es e dicas na cidade de Porto Velho e regi\u00e3o.","potentialAction":[{"@type":"SearchAction","target":{"@type":"EntryPoint","urlTemplate":"https:\/\/www.encontraportovelho.com.br\/sobre\/?s={search_term_string}"},"query-input":"required name=search_term_string"}],"inLanguage":"pt-BR"},{"@type":"Person","@id":"https:\/\/www.encontraportovelho.com.br\/sobre\/#\/schema\/person\/42176525a40bfc9eb32e562df7b23a2f","name":"Encontra Porto Velho","image":{"@type":"ImageObject","inLanguage":"pt-BR","@id":"https:\/\/www.encontraportovelho.com.br\/sobre\/#\/schema\/person\/image\/","url":"https:\/\/secure.gravatar.com\/avatar\/f007732be0d27cbf8a336929fe922478?s=96&d=mm&r=g","contentUrl":"https:\/\/secure.gravatar.com\/avatar\/f007732be0d27cbf8a336929fe922478?s=96&d=mm&r=g","caption":"Encontra Porto Velho"},"sameAs":["http:\/\/www.encontraportovelho.com.br"],"url":"https:\/\/www.encontraportovelho.com.br\/sobre\/author\/eportovelho\/"}]}},"_links":{"self":[{"href":"https:\/\/www.encontraportovelho.com.br\/sobre\/wp-json\/wp\/v2\/posts\/1073","targetHints":{"allow":["GET"]}}],"collection":[{"href":"https:\/\/www.encontraportovelho.com.br\/sobre\/wp-json\/wp\/v2\/posts"}],"about":[{"href":"https:\/\/www.encontraportovelho.com.br\/sobre\/wp-json\/wp\/v2\/types\/post"}],"author":[{"embeddable":true,"href":"https:\/\/www.encontraportovelho.com.br\/sobre\/wp-json\/wp\/v2\/users\/1"}],"replies":[{"embeddable":true,"href":"https:\/\/www.encontraportovelho.com.br\/sobre\/wp-json\/wp\/v2\/comments?post=1073"}],"version-history":[{"count":0,"href":"https:\/\/www.encontraportovelho.com.br\/sobre\/wp-json\/wp\/v2\/posts\/1073\/revisions"}],"wp:featuredmedia":[{"embeddable":true,"href":"https:\/\/www.encontraportovelho.com.br\/sobre\/wp-json\/wp\/v2\/media\/1072"}],"wp:attachment":[{"href":"https:\/\/www.encontraportovelho.com.br\/sobre\/wp-json\/wp\/v2\/media?parent=1073"}],"wp:term":[{"taxonomy":"category","embeddable":true,"href":"https:\/\/www.encontraportovelho.com.br\/sobre\/wp-json\/wp\/v2\/categories?post=1073"},{"taxonomy":"post_tag","embeddable":true,"href":"https:\/\/www.encontraportovelho.com.br\/sobre\/wp-json\/wp\/v2\/tags?post=1073"}],"curies":[{"name":"wp","href":"https:\/\/api.w.org\/{rel}","templated":true}]}}