{"id":1109,"date":"2025-12-02T12:10:00","date_gmt":"2025-12-02T15:10:00","guid":{"rendered":"https:\/\/www.encontraportovelho.com.br\/sobre\/do-maracana-para-a-amazonia\/"},"modified":"2025-12-02T12:10:00","modified_gmt":"2025-12-02T15:10:00","slug":"do-maracana-para-a-amazonia","status":"publish","type":"post","link":"https:\/\/www.encontraportovelho.com.br\/sobre\/do-maracana-para-a-amazonia\/","title":{"rendered":"DO MARACAN\u00c3 PARA A AMAZ\u00d4NIA"},"content":{"rendered":"<div class=\"13d057bedbee569bbd7541dee57205a1\" data-index=\"1\" style=\"float: none; margin:0px;\">\n<!-- Anuncio display - global -->\r\n<ins class=\"adsbygoogle\"\r\n     style=\"display:block\"\r\n     data-ad-client=\"ca-pub-8585364105181520\"\r\n     data-ad-slot=\"8789329856\"\r\n     data-ad-format=\"auto\"\r\n     data-full-width-responsive=\"true\"><\/ins>\r\n<script>\r\n     (adsbygoogle = window.adsbygoogle || []).push({});\r\n<\/script>\n<\/div>\n<h2>Um Final de Semana de Emo\u00e7\u00e3o<\/h2>\n<p>A cidade de Porto Velho, localizada no cora\u00e7\u00e3o da Amaz\u00f4nia, foi palco de um evento marcante que trouxe um time de estrelas do futebol brasileiro para as comunidades rurais. O final de semana foi repleto de emo\u00e7\u00e3o e alegria, especialmente para os moradores dos distritos de Uni\u00e3o Bandeirantes e Extrema, que puderam vivenciar uma experi\u00eancia \u00fanica ao assistir a uma partida de futebol com jogadores de renome. Os\u00e9ias, Ronaldo Angelim, Marcelinho Para\u00edba e Sorato, lendas que j\u00e1 encantaram os gramados de times como Palmeiras, Flamengo e S\u00e3o Paulo, desembarcaram na cidade para participar do Jogo das Celebridades, um evento promovido pela Prefeitura de Porto Velho atrav\u00e9s da Secretaria Municipal de Turismo e Esporte (Semtel).<\/p>\n<p>Esses atletas se dirigiram aos distritos com o objetivo de promover o esporte e proporcionar um momento de lazer e integra\u00e7\u00e3o para a popula\u00e7\u00e3o. A partida n\u00e3o foi apenas um espet\u00e1culo esportivo, mas tamb\u00e9m uma oportunidade de fortalecer os la\u00e7os comunit\u00e1rios e celebrar a cultura local. Os jogadores foram recebidos com muito carinho, e suas presen\u00e7as significaram muito para as comunidades, que muitas vezes s\u00e3o esquecidas em eventos maiores, geralmente concentrados em \u00e1reas urbanas.<\/p>\n<p>Moradores das localidades estiveram ansiosos para ver seus \u00eddolos de perto, e a presen\u00e7a dos jogadorese foi a chance que muitos esperavam para se conectar com o mundo do futebol, um esporte que possui um lugar especial no cora\u00e7\u00e3o dos brasileiros. A sensa\u00e7\u00e3o de estar t\u00e3o perto de lendas que j\u00e1 brilharam em est\u00e1dios renomados como o Maracan\u00e3 encheu o dia de alegria.<\/p>\n<p><img decoding=\"async\" src=\"https:\/\/www.encontraportovelho.com.br\/sobre\/wp-content\/uploads\/2025\/12\/do-maracana-para-a-amazonia.webp\" alt=\"jornada de lendas do futebol\" loading=\"lazy\" \/><\/p>\n<h2>O Evento das Celebridades<\/h2>\n<p>O Jogo das Celebridades foi projetado para ser um dia de festa e entretenimento. Al\u00e9m de promover o futebol, o evento celebrou a cultura e as tradi\u00e7\u00f5es das comunidades ribeirinhas, oferecendo uma plataforma para que os jogadores compartilhassem suas experi\u00eancias, habilidades e amor pelo esporte. Essa atividade se encaixa no programa PVH em A\u00e7\u00e3o, que visa aproximar a administra\u00e7\u00e3o p\u00fablica das comunidades mais distantes e trazer a\u00e7\u00f5es sociais e culturais.<\/p>\n<p>A partida em Uni\u00e3o Bandeirantes foi o primeiro ato dessa jornada, onde o clima festivo contagiou todos. Os\u00e9ias, Ronaldo Angelim, Marcelinho Para\u00edba e Sorato n\u00e3o s\u00f3 jogaram, mas praticaram um verdadeiro espet\u00e1culo ao interagir com os f\u00e3s, dando aut\u00f3grafos e tirando fotos. Ver um jogador marcado por momentos hist\u00f3ricos em suas carreiras emocionou n\u00e3o apenas os jovens, mas tamb\u00e9m os adultos que cresceram assistindo aos jogos pela TV. Este foi um lembrete de que o futebol \u00e9 um elo que une as pessoas, independente de onde elas estejam.<\/p>\n<p>Ap\u00f3s a primeira partida, os \u00eddolos do futebol dirigiram-se para Extrema, onde a empolga\u00e7\u00e3o foi ainda maior. O evento deu oportunidade a muitos que, at\u00e9 ent\u00e3o, n\u00e3o tinham acesso a uma grande partida de futebol, fazendo do dia um marco para a cidade e seus moradores. Ao todo, o evento teve uma participa\u00e7\u00e3o maci\u00e7a, demonstrando a verdadeira paix\u00e3o que o povo tem pelo futebol e a import\u00e2ncia de promover eventos que valorizem a cultura local.<\/p>\n<h2>A Recep\u00e7\u00e3o nas Comunidades<\/h2>\n<p>A recep\u00e7\u00e3o calorosa que os jogadores receberam nas comunidades foi um reflexo da hospitalidade do povo rondonense. Ao chegarem, foram acolhidos com dan\u00e7as, comidas t\u00edpicas e uma energia contagiante. Moradores se reuniram para compartilhar comidas caseiras e celebrar a presen\u00e7a dos atletas, proporcionando um interc\u00e2mbio cultural significativo. Jonas Gilson, um agricultor local, expressou sua alegria ao ver \u00eddolos de perto e destacou que isso foi algo que ele nunca imaginou viver.<\/p>\n<p>A energia do evento n\u00e3o se limitou apenas \u00e0 partida de futebol, mas permeou todo o ambiente que proporcionou intera\u00e7\u00e3o entre os moradores e as lendas do futebol. Essa intera\u00e7\u00e3o \u00e9 vital, pois n\u00e3o s\u00f3 eleva a moral da comunidade, mas tamb\u00e9m incentiva os jovens a sonhar e acreditar que, um dia, eles tamb\u00e9m podem seguir seus \u00eddolos e fazer hist\u00f3ria no mundo do esporte.<\/p>\n<h2>A Experi\u00eancia de Jonas Gilson<\/h2>\n<p>Jonas Gilson representou muitos outros moradores durante o evento, compartilhando suas impress\u00f5es e sentimentos. Ele mencionou a emo\u00e7\u00e3o de ver Ronaldo Angelim, zagueiro que fez hist\u00f3ria pelo Flamengo, e destacou que sua presen\u00e7a ali significava mais do que uma simples visita. Para Jonas, as lendas do futebol n\u00e3o s\u00f3 trouxeram entretenimento, mas tamb\u00e9m esperan\u00e7a e exemplos de sucesso. Em suas palavras: &#8220;Eu sou f\u00e3 do Ronaldo Angelim e vim especialmente para tentar ver um gol de cabe\u00e7a dele.&#8221; Essa frase encapsula o esp\u00edrito do momento, mostrando que o evento fez com que sonhos e desejos fossem vivenciados em um n\u00edvel emocional.<\/p>\n<p>O impacto de ver seus \u00eddolos ao vivo e participar de um evento t\u00e3o grandioso \u00e9 uma experi\u00eancia transformadora. Para muitos jovens, esses momentos podem se tornar uma inspira\u00e7\u00e3o para suas vidas, despertando o desejo de praticar esportes e perseguir seus pr\u00f3prios sonhos. A presen\u00e7a de figuras not\u00e1veis como Os\u00e9as e Marcelinho Para\u00edba atuou como um motivador extraordin\u00e1rio, pois s\u00e3o exemplos de perseveran\u00e7a, trabalho duro e dedica\u00e7\u00e3o.<\/p>\n<h2>O Agradecimento dos Jogadores<\/h2>\n<p>Os jogadores tamb\u00e9m expressaram sua gratid\u00e3o pela recep\u00e7\u00e3o calorosa nas comunidades. Ronaldo Angelim, um dos mais assediados pelo p\u00fablico, deixou claro que a experi\u00eancia foi gratificante e que apreciou o carinho recebido. Ele enfatizou a import\u00e2ncia de eventos desse tipo e como \u00e9 essencial que os ex-atletas se conectem com as comunidades, especialmente aquelas que muitas vezes n\u00e3o t\u00eam acesso a eventos esportivos de grande porte. Agradecendo o convite da Prefeitura, Angelim destacou: &#8220;\u00c9 imperativo que nossos distritos recebam a\u00e7\u00f5es como esta. Sabemos que ainda h\u00e1 muito a fazer, mas momentos assim fortalecem o senso de pertencimento da popula\u00e7\u00e3o.&#8221;<\/p>\n<p>Essa intera\u00e7\u00e3o entre os \u00eddolos e a comunidade foi ben\u00e9fica tanto para os jogadores quanto para os f\u00e3s. Muitos momentos de alegria foram compartilhados, e o que \u00e9 mais importante \u00e9 que tal encontro cultivou um esp\u00edrito de uni\u00e3o e esperan\u00e7a, mostrando que o esporte realmente consegue superar barreiras.<\/p>\n<h2>A Import\u00e2ncia do Esporte na Amaz\u00f4nia<\/h2>\n<p>O evento n\u00e3o se destacou apenas pela presen\u00e7a dos jogadores, mas tamb\u00e9m pela import\u00e2ncia que o esporte representa nas comunidades. O futebol \u00e9 uma ferramenta poderosa para promover a sa\u00fade, a educa\u00e7\u00e3o e a inclus\u00e3o social, especialmente em locais mais isolados. A participa\u00e7\u00e3o da Prefeitura em promover atividades esportivas nas comunidades \u00e9 uma maneira eficaz de incentivar pr\u00e1ticas saud\u00e1veis e falar sobre a import\u00e2ncia do esporte na vida das pessoas.<\/p>\n<p>O acesso ao esporte n\u00e3o apenas entret\u00e9m, mas tamb\u00e9m pode mudar o curso da vida de muitos jovens. O futebol, como modalidade, ensina disciplina, trabalho em equipe e respeito. Ao proporcionar atividades esportivas, a Prefeitura de Porto Velho est\u00e1 investindo no futuro dessas comunidades, ajudando a moldar cidad\u00e3os mais conscientes e comprometidos.<\/p>\n<h2>Novo Olhar sobre Porto Velho<\/h2>\n<p>Al\u00e9m de trazer as estrelas do futebol a Porto Velho, o evento foi uma oportunidade de mostrar uma imagem positiva da cidade. Frequentemente, as \u00e1reas rurais recebem menos aten\u00e7\u00e3o do que os centros urbanos, e eventos como o Jogo das Celebridades s\u00e3o essenciais para dar visibilidade a essas comunidades. Isso ajuda a construir um novo olhar sobre Porto Velho, evidenciando sua riqueza cultural e a hospitalidade de sua popula\u00e7\u00e3o.<\/p>\n<p>Ao levar o esporte para as comunidades mais distantes, a Prefeitura mostra compromisso com a inclus\u00e3o e a valoriza\u00e7\u00e3o de todos os cidad\u00e3os, promovendo desenvolvimento e integra\u00e7\u00e3o. O futebol, em sua ess\u00eancia, \u00e9 um reflexo da diversidade brasileira e representa uma forma de celebrar a cultura local.<\/p>\n<h2>Esporte e Cultura em Harmonia<\/h2>\n<p>O evento n\u00e3o se limitou apenas ao futebol, mas tamb\u00e9m promoveu a cultura local, integrando diferentes aspectos da vida no campo. As comunidades tiveram a chance de mostrar seus costumes, dan\u00e7as e a culin\u00e1ria t\u00edpica, tornando o dia ainda mais especial. Essa troca permite que jogadores e moradores se conhe\u00e7am melhor e criem v\u00ednculos que v\u00e3o al\u00e9m do jogo.<\/p>\n<p>As manifesta\u00e7\u00f5es culturais que acompanharam o evento demonstram que o esporte \u00e9 uma ferramenta que pode unir e celebrar a diversidade. As lendas do futebol tamb\u00e9m se tornaram embaixadores da cultura local, conhecendo mais sobre as tradi\u00e7\u00f5es das comunidades ribeirinhas e contribuindo para o fortalecimento da identidade cultural da regi\u00e3o. O esporte, nesse sentido, \u00e9 uma linguagem universal que promove a intera\u00e7\u00e3o e a empatia entre diferentes culturas.<\/p>\n<h2>Planejamento de Novas Iniciativas<\/h2>\n<p>O sucesso do Jogo das Celebridades abriu espa\u00e7o para novas iniciativas que devem ser planejadas para as comunidades ao redor de Porto Velho. O secret\u00e1rio da Semtel, Paulo Moraes, j\u00e1 reafirmou o compromisso de trazer mais eventos desse tipo, ressaltando que \u00e9 uma alegria levar entretenimento e promo\u00e7\u00e3o de sa\u00fade para os cidad\u00e3os que vivem em \u00e1reas distantes do centro urbano. Isso demonstra que a Prefeitura est\u00e1 atenta \u00e0 necessidade de gerar mais oportunidades para os moradores.<\/p>\n<p>Com a cria\u00e7\u00e3o de programas como PVH em A\u00e7\u00e3o, h\u00e1 um reconhecimento da import\u00e2ncia da inclus\u00e3o social e do papel que o esporte pode desempenhar na coes\u00e3o da sociedade. O planejamento de novas atividades esportivas, culturais e de lazer deve ser uma prioridade, criando um futuro mais vibrante e unido para Porto Velho e seus distritos.<\/p>\n<h2>A Final da Copa Libertadores e o Encerramento<\/h2>\n<p>Para encerrar o final de semana reunindo todos os presentes, os jogadores e a comunidade se reuniram no Parque da Cidade para assistir \u00e0 final da Copa Libertadores em um tel\u00e3o instalado especialmente para o evento. Essa atividade foi um fechamento perfeito para um dia que foi repleto de emo\u00e7\u00f5es e alegrias, consolidando o sucesso da a\u00e7\u00e3o. Durante o momento, os atletas posaram para fotos e distribu\u00edram aut\u00f3grafos para a comunidade, refor\u00e7ando a rela\u00e7\u00e3o positiva estabelecida ao longo do evento.<\/p>\n<p>Esses momentos finais trouxeram um sentimento de uni\u00e3o \u00e0 comunidade. O entusiasmo \u00e0 medida que as pessoas torciam pela sua equipe trouxe um senso de coletividade e paix\u00e3o pelo futebol. A celebra\u00e7\u00e3o da final da Copa Libertadores, aliada ao evento esportivo, fez desse um fim de semana inesquec\u00edvel para todos os envolvidos.<\/p>\n<p>O impacto do Jogo das Celebridades vai al\u00e9m de uma \u00fanica partida. A administra\u00e7\u00e3o p\u00fablica, atrav\u00e9s da Secretaria de Turismo e Esporte, demonstrou que o esporte tem um papel vital no fortalecimento e na integra\u00e7\u00e3o das comunidades. Isso representa um passo importante para fazer de Porto Velho um lugar onde a cultura, o lazer e o esporte caminham juntos, construindo um futuro mais promissor.<\/p>\n\n<div style=\"font-size: 0px; height: 0px; line-height: 0px; margin: 0; padding: 0; clear: both;\"><\/div>","protected":false},"excerpt":{"rendered":"<p>Do Maracan\u00e3 \u00e0 Amaz\u00f4nia, descubra a jornada inesquec\u00edvel dos \u00eddolos do futebol.<\/p>\n","protected":false},"author":1,"featured_media":1108,"comment_status":"closed","ping_status":"closed","sticky":false,"template":"","format":"standard","meta":{"footnotes":""},"categories":[6],"tags":[],"class_list":["post-1109","post","type-post","status-publish","format-standard","has-post-thumbnail","hentry","category-noticias-em-porto-velho","has_thumb"],"yoast_head":"<!-- This site is optimized with the Yoast SEO plugin v20.1 - https:\/\/yoast.com\/wordpress\/plugins\/seo\/ -->\n<title>DO MARACAN\u00c3 PARA A AMAZ\u00d4NIA - Encontra Porto Velho<\/title>\n<meta name=\"robots\" content=\"index, follow, max-snippet:-1, max-image-preview:large, max-video-preview:-1\" \/>\n<link rel=\"canonical\" href=\"https:\/\/www.encontraportovelho.com.br\/sobre\/do-maracana-para-a-amazonia\/\" \/>\n<meta property=\"og:locale\" content=\"pt_BR\" \/>\n<meta property=\"og:type\" content=\"article\" \/>\n<meta property=\"og:title\" content=\"DO MARACAN\u00c3 PARA A AMAZ\u00d4NIA - Encontra Porto Velho\" \/>\n<meta property=\"og:description\" content=\"Do Maracan\u00e3 \u00e0 Amaz\u00f4nia, descubra a jornada inesquec\u00edvel dos \u00eddolos do futebol.\" \/>\n<meta property=\"og:url\" content=\"https:\/\/www.encontraportovelho.com.br\/sobre\/do-maracana-para-a-amazonia\/\" \/>\n<meta property=\"og:site_name\" content=\"Encontra Porto Velho\" \/>\n<meta property=\"article:published_time\" content=\"2025-12-02T15:10:00+00:00\" \/>\n<meta property=\"og:image\" content=\"https:\/\/www.encontraportovelho.com.br\/sobre\/wp-content\/uploads\/2025\/12\/do-maracana-para-a-amazonia.webp\" \/>\n<meta name=\"author\" content=\"Encontra Porto Velho\" \/>\n<meta name=\"twitter:card\" content=\"summary_large_image\" \/>\n<meta name=\"twitter:label1\" content=\"Escrito por\" \/>\n\t<meta name=\"twitter:data1\" content=\"Encontra Porto Velho\" \/>\n\t<meta name=\"twitter:label2\" content=\"Est. tempo de leitura\" \/>\n\t<meta name=\"twitter:data2\" content=\"9 minutos\" \/>\n<script type=\"application\/ld+json\" class=\"yoast-schema-graph\">{\"@context\":\"https:\/\/schema.org\",\"@graph\":[{\"@type\":\"WebPage\",\"@id\":\"https:\/\/www.encontraportovelho.com.br\/sobre\/do-maracana-para-a-amazonia\/\",\"url\":\"https:\/\/www.encontraportovelho.com.br\/sobre\/do-maracana-para-a-amazonia\/\",\"name\":\"DO MARACAN\u00c3 PARA A AMAZ\u00d4NIA - Encontra Porto Velho\",\"isPartOf\":{\"@id\":\"https:\/\/www.encontraportovelho.com.br\/sobre\/#website\"},\"datePublished\":\"2025-12-02T15:10:00+00:00\",\"dateModified\":\"2025-12-02T15:10:00+00:00\",\"author\":{\"@id\":\"https:\/\/www.encontraportovelho.com.br\/sobre\/#\/schema\/person\/42176525a40bfc9eb32e562df7b23a2f\"},\"breadcrumb\":{\"@id\":\"https:\/\/www.encontraportovelho.com.br\/sobre\/do-maracana-para-a-amazonia\/#breadcrumb\"},\"inLanguage\":\"pt-BR\",\"potentialAction\":[{\"@type\":\"ReadAction\",\"target\":[\"https:\/\/www.encontraportovelho.com.br\/sobre\/do-maracana-para-a-amazonia\/\"]}]},{\"@type\":\"BreadcrumbList\",\"@id\":\"https:\/\/www.encontraportovelho.com.br\/sobre\/do-maracana-para-a-amazonia\/#breadcrumb\",\"itemListElement\":[{\"@type\":\"ListItem\",\"position\":1,\"name\":\"In\u00edcio\",\"item\":\"https:\/\/www.encontraportovelho.com.br\/sobre\/\"},{\"@type\":\"ListItem\",\"position\":2,\"name\":\"DO MARACAN\u00c3 PARA A AMAZ\u00d4NIA\"}]},{\"@type\":\"WebSite\",\"@id\":\"https:\/\/www.encontraportovelho.com.br\/sobre\/#website\",\"url\":\"https:\/\/www.encontraportovelho.com.br\/sobre\/\",\"name\":\"Encontra Porto Velho\",\"description\":\"Not\u00edcias, eventos, informa\u00e7\u00f5es e dicas na cidade de Porto Velho e regi\u00e3o.\",\"potentialAction\":[{\"@type\":\"SearchAction\",\"target\":{\"@type\":\"EntryPoint\",\"urlTemplate\":\"https:\/\/www.encontraportovelho.com.br\/sobre\/?s={search_term_string}\"},\"query-input\":\"required name=search_term_string\"}],\"inLanguage\":\"pt-BR\"},{\"@type\":\"Person\",\"@id\":\"https:\/\/www.encontraportovelho.com.br\/sobre\/#\/schema\/person\/42176525a40bfc9eb32e562df7b23a2f\",\"name\":\"Encontra Porto Velho\",\"image\":{\"@type\":\"ImageObject\",\"inLanguage\":\"pt-BR\",\"@id\":\"https:\/\/www.encontraportovelho.com.br\/sobre\/#\/schema\/person\/image\/\",\"url\":\"https:\/\/secure.gravatar.com\/avatar\/f007732be0d27cbf8a336929fe922478?s=96&d=mm&r=g\",\"contentUrl\":\"https:\/\/secure.gravatar.com\/avatar\/f007732be0d27cbf8a336929fe922478?s=96&d=mm&r=g\",\"caption\":\"Encontra Porto Velho\"},\"sameAs\":[\"http:\/\/www.encontraportovelho.com.br\"],\"url\":\"https:\/\/www.encontraportovelho.com.br\/sobre\/author\/eportovelho\/\"}]}<\/script>\n<!-- \/ Yoast SEO plugin. -->","yoast_head_json":{"title":"DO MARACAN\u00c3 PARA A AMAZ\u00d4NIA - Encontra Porto Velho","robots":{"index":"index","follow":"follow","max-snippet":"max-snippet:-1","max-image-preview":"max-image-preview:large","max-video-preview":"max-video-preview:-1"},"canonical":"https:\/\/www.encontraportovelho.com.br\/sobre\/do-maracana-para-a-amazonia\/","og_locale":"pt_BR","og_type":"article","og_title":"DO MARACAN\u00c3 PARA A AMAZ\u00d4NIA - Encontra Porto Velho","og_description":"Do Maracan\u00e3 \u00e0 Amaz\u00f4nia, descubra a jornada inesquec\u00edvel dos \u00eddolos do futebol.","og_url":"https:\/\/www.encontraportovelho.com.br\/sobre\/do-maracana-para-a-amazonia\/","og_site_name":"Encontra Porto Velho","article_published_time":"2025-12-02T15:10:00+00:00","og_image":[{"url":"https:\/\/www.encontraportovelho.com.br\/sobre\/wp-content\/uploads\/2025\/12\/do-maracana-para-a-amazonia.webp"}],"author":"Encontra Porto Velho","twitter_card":"summary_large_image","twitter_misc":{"Escrito por":"Encontra Porto Velho","Est. tempo de leitura":"9 minutos"},"schema":{"@context":"https:\/\/schema.org","@graph":[{"@type":"WebPage","@id":"https:\/\/www.encontraportovelho.com.br\/sobre\/do-maracana-para-a-amazonia\/","url":"https:\/\/www.encontraportovelho.com.br\/sobre\/do-maracana-para-a-amazonia\/","name":"DO MARACAN\u00c3 PARA A AMAZ\u00d4NIA - Encontra Porto Velho","isPartOf":{"@id":"https:\/\/www.encontraportovelho.com.br\/sobre\/#website"},"datePublished":"2025-12-02T15:10:00+00:00","dateModified":"2025-12-02T15:10:00+00:00","author":{"@id":"https:\/\/www.encontraportovelho.com.br\/sobre\/#\/schema\/person\/42176525a40bfc9eb32e562df7b23a2f"},"breadcrumb":{"@id":"https:\/\/www.encontraportovelho.com.br\/sobre\/do-maracana-para-a-amazonia\/#breadcrumb"},"inLanguage":"pt-BR","potentialAction":[{"@type":"ReadAction","target":["https:\/\/www.encontraportovelho.com.br\/sobre\/do-maracana-para-a-amazonia\/"]}]},{"@type":"BreadcrumbList","@id":"https:\/\/www.encontraportovelho.com.br\/sobre\/do-maracana-para-a-amazonia\/#breadcrumb","itemListElement":[{"@type":"ListItem","position":1,"name":"In\u00edcio","item":"https:\/\/www.encontraportovelho.com.br\/sobre\/"},{"@type":"ListItem","position":2,"name":"DO MARACAN\u00c3 PARA A AMAZ\u00d4NIA"}]},{"@type":"WebSite","@id":"https:\/\/www.encontraportovelho.com.br\/sobre\/#website","url":"https:\/\/www.encontraportovelho.com.br\/sobre\/","name":"Encontra Porto Velho","description":"Not\u00edcias, eventos, informa\u00e7\u00f5es e dicas na cidade de Porto Velho e regi\u00e3o.","potentialAction":[{"@type":"SearchAction","target":{"@type":"EntryPoint","urlTemplate":"https:\/\/www.encontraportovelho.com.br\/sobre\/?s={search_term_string}"},"query-input":"required name=search_term_string"}],"inLanguage":"pt-BR"},{"@type":"Person","@id":"https:\/\/www.encontraportovelho.com.br\/sobre\/#\/schema\/person\/42176525a40bfc9eb32e562df7b23a2f","name":"Encontra Porto Velho","image":{"@type":"ImageObject","inLanguage":"pt-BR","@id":"https:\/\/www.encontraportovelho.com.br\/sobre\/#\/schema\/person\/image\/","url":"https:\/\/secure.gravatar.com\/avatar\/f007732be0d27cbf8a336929fe922478?s=96&d=mm&r=g","contentUrl":"https:\/\/secure.gravatar.com\/avatar\/f007732be0d27cbf8a336929fe922478?s=96&d=mm&r=g","caption":"Encontra Porto Velho"},"sameAs":["http:\/\/www.encontraportovelho.com.br"],"url":"https:\/\/www.encontraportovelho.com.br\/sobre\/author\/eportovelho\/"}]}},"_links":{"self":[{"href":"https:\/\/www.encontraportovelho.com.br\/sobre\/wp-json\/wp\/v2\/posts\/1109","targetHints":{"allow":["GET"]}}],"collection":[{"href":"https:\/\/www.encontraportovelho.com.br\/sobre\/wp-json\/wp\/v2\/posts"}],"about":[{"href":"https:\/\/www.encontraportovelho.com.br\/sobre\/wp-json\/wp\/v2\/types\/post"}],"author":[{"embeddable":true,"href":"https:\/\/www.encontraportovelho.com.br\/sobre\/wp-json\/wp\/v2\/users\/1"}],"replies":[{"embeddable":true,"href":"https:\/\/www.encontraportovelho.com.br\/sobre\/wp-json\/wp\/v2\/comments?post=1109"}],"version-history":[{"count":0,"href":"https:\/\/www.encontraportovelho.com.br\/sobre\/wp-json\/wp\/v2\/posts\/1109\/revisions"}],"wp:featuredmedia":[{"embeddable":true,"href":"https:\/\/www.encontraportovelho.com.br\/sobre\/wp-json\/wp\/v2\/media\/1108"}],"wp:attachment":[{"href":"https:\/\/www.encontraportovelho.com.br\/sobre\/wp-json\/wp\/v2\/media?parent=1109"}],"wp:term":[{"taxonomy":"category","embeddable":true,"href":"https:\/\/www.encontraportovelho.com.br\/sobre\/wp-json\/wp\/v2\/categories?post=1109"},{"taxonomy":"post_tag","embeddable":true,"href":"https:\/\/www.encontraportovelho.com.br\/sobre\/wp-json\/wp\/v2\/tags?post=1109"}],"curies":[{"name":"wp","href":"https:\/\/api.w.org\/{rel}","templated":true}]}}