{"id":205,"date":"2013-06-19T00:01:18","date_gmt":"2013-06-19T03:01:18","guid":{"rendered":"http:\/\/www.encontraportovelho.com.br\/noticias\/?p=205"},"modified":"2019-05-17T17:00:08","modified_gmt":"2019-05-17T20:00:08","slug":"festival-de-musica-gospel-acontece-em-porto-velho-e-mais-cidades-de-rondonia","status":"publish","type":"post","link":"https:\/\/www.encontraportovelho.com.br\/sobre\/festival-de-musica-gospel-acontece-em-porto-velho-e-mais-cidades-de-rondonia\/","title":{"rendered":"Festival de m\u00fasica gospel acontece em Porto Velho e mais cidades de Rond\u00f4nia"},"content":{"rendered":"<div class=\"13d057bedbee569bbd7541dee57205a1\" data-index=\"1\" style=\"float: none; margin:0px;\">\n<!-- Anuncio display - global -->\r\n<ins class=\"adsbygoogle\"\r\n     style=\"display:block\"\r\n     data-ad-client=\"ca-pub-8585364105181520\"\r\n     data-ad-slot=\"8789329856\"\r\n     data-ad-format=\"auto\"\r\n     data-full-width-responsive=\"true\"><\/ins>\r\n<script>\r\n     (adsbygoogle = window.adsbygoogle || []).push({});\r\n<\/script>\n<\/div>\n<p>O feriado estadual do Dia do Evang\u00e9lico, comemorado nesta ter\u00e7a-feira (18) em\u00a0Rond\u00f4nia, re\u00fane v\u00e1rios cantores gospel em um festival de m\u00fasica que come\u00e7aram na segunda (17) em 18 cidades do estado. O &#8216;Viva Rond\u00f4nia&#8217; conta com nomes do cen\u00e1rio nacional de m\u00fascia gospel, como Fernandinho, Andr\u00e9 e Mariana Valad\u00e3o, Davi Sacer, Mattos Nascimento e a dupla Daniel e Samuel, e encerra no dia 21 de junho. Os shows come\u00e7am a partir das 19h30, diariamente.<\/p>\n<p>Rodrigo Guerreiro \u00e9 um dos organizadores do &#8216;Viva Rond\u00f4nia&#8217; e contou que em 2012 o evento atraiu 50 mil pessoas. Para este ano, o organizador espera, em todos os munic\u00edpios que acontecer\u00e3o os shows, mais de 180 mil fi\u00e9is no festival. &#8220;Estamos desde o ano passado realizando este evento, que \u00e9 o maior do estado, e este ano acontecer\u00e1 shows simult\u00e2neos em v\u00e1rias cidades&#8221;, explica.<\/p>\n<p>Em\u00a0Porto Velho, as atra\u00e7\u00f5es esperadas para o festival s\u00e3o o cantor Fernandinho e Mariana Valad\u00e3o, com pr\u00e9-show da banda Restaura o Teu Altar. O palco para as apresenta\u00e7\u00f5es est\u00e1 sendo montado na Avenida Migrantes e a entrada para o evento \u00e9 um quilo de alimento n\u00e3o-perec\u00edvel.<\/p>\n<p>Confira a programa\u00e7\u00e3o dos shows do &#8216;Viva Rond\u00f4nia&#8217; em todo o estado.<\/p>\n<p>Andr\u00e9 Valad\u00e3o<br \/>\n19\/6 &#8211; Pimenta Bueno<\/p>\n<p>Mattos Nascimento<br \/>\n19\/6 &#8211;\u00a0Buritis<br \/>\n20\/6 &#8211; Alto Alegre dos Parecis<br \/>\n21\/6 &#8211;\u00a0Machadinho D&#8217;Oeste<\/p>\n<p>Daniel e Samuel<br \/>\n19\/6 &#8211;\u00a0Parecis<br \/>\n20\/6 &#8211;\u00a0Santa Luzia do Oeste<br \/>\n21\/6 &#8211;\u00a0S\u00e3o Miguel do Guapor\u00e9<\/p>\n<p><em>Fonte: G1<\/em><\/p>\n\n<div style=\"font-size: 0px; height: 0px; line-height: 0px; margin: 0; padding: 0; clear: both;\"><\/div>","protected":false},"excerpt":{"rendered":"<p>O feriado estadual do Dia do Evang\u00e9lico, comemorado nesta ter\u00e7a-feira (18) em\u00a0Rond\u00f4nia, re\u00fane v\u00e1rios cantores gospel em um festival de m\u00fasica que come\u00e7aram na segunda (17) em 18 cidades do estado. O &#8216;Viva Rond\u00f4nia&#8217; conta com nomes do cen\u00e1rio nacional de m\u00fascia gospel, como Fernandinho, Andr\u00e9 e Mariana Valad\u00e3o, Davi Sacer, Mattos Nascimento e a dupla Daniel e Samuel, e encerra no dia 21 de junho. Os shows come\u00e7am a partir das 19h30, diariamente. Rodrigo Guerreiro \u00e9 um dos organizadores do &#8216;Viva Rond\u00f4nia&#8217; e contou que em 2012 o evento atraiu 50 mil pessoas. Para este ano, o organizador espera, <\/p>\n","protected":false},"author":1,"featured_media":0,"comment_status":"open","ping_status":"open","sticky":false,"template":"","format":"standard","meta":{"footnotes":""},"categories":[6,9],"tags":[12],"class_list":["post-205","post","type-post","status-publish","format-standard","hentry","category-noticias-em-porto-velho","category-shows-em-porto-velho","tag-porto-velho"],"_links":{"self":[{"href":"https:\/\/www.encontraportovelho.com.br\/sobre\/wp-json\/wp\/v2\/posts\/205","targetHints":{"allow":["GET"]}}],"collection":[{"href":"https:\/\/www.encontraportovelho.com.br\/sobre\/wp-json\/wp\/v2\/posts"}],"about":[{"href":"https:\/\/www.encontraportovelho.com.br\/sobre\/wp-json\/wp\/v2\/types\/post"}],"author":[{"embeddable":true,"href":"https:\/\/www.encontraportovelho.com.br\/sobre\/wp-json\/wp\/v2\/users\/1"}],"replies":[{"embeddable":true,"href":"https:\/\/www.encontraportovelho.com.br\/sobre\/wp-json\/wp\/v2\/comments?post=205"}],"version-history":[{"count":3,"href":"https:\/\/www.encontraportovelho.com.br\/sobre\/wp-json\/wp\/v2\/posts\/205\/revisions"}],"predecessor-version":[{"id":358,"href":"https:\/\/www.encontraportovelho.com.br\/sobre\/wp-json\/wp\/v2\/posts\/205\/revisions\/358"}],"wp:attachment":[{"href":"https:\/\/www.encontraportovelho.com.br\/sobre\/wp-json\/wp\/v2\/media?parent=205"}],"wp:term":[{"taxonomy":"category","embeddable":true,"href":"https:\/\/www.encontraportovelho.com.br\/sobre\/wp-json\/wp\/v2\/categories?post=205"},{"taxonomy":"post_tag","embeddable":true,"href":"https:\/\/www.encontraportovelho.com.br\/sobre\/wp-json\/wp\/v2\/tags?post=205"}],"curies":[{"name":"wp","href":"https:\/\/api.w.org\/{rel}","templated":true}]}}