{"id":2138,"date":"2026-07-15T12:38:58","date_gmt":"2026-07-15T15:38:58","guid":{"rendered":"https:\/\/www.encontraportovelho.com.br\/sobre\/zona-leste-ganha-novo-polo-do-cadastro-unico-para-ampliar-acesso-aos-programas-sociais\/"},"modified":"2026-07-15T12:38:58","modified_gmt":"2026-07-15T15:38:58","slug":"zona-leste-ganha-novo-polo-do-cadastro-unico-para-ampliar-acesso-aos-programas-sociais","status":"publish","type":"post","link":"https:\/\/www.encontraportovelho.com.br\/sobre\/zona-leste-ganha-novo-polo-do-cadastro-unico-para-ampliar-acesso-aos-programas-sociais\/","title":{"rendered":"Zona Leste ganha novo polo do Cadastro \u00danico para ampliar acesso aos programas sociais"},"content":{"rendered":"<div class=\"13d057bedbee569bbd7541dee57205a1\" data-index=\"1\" style=\"float: none; margin:0px;\">\n<!-- Anuncio display - global -->\r\n<ins class=\"adsbygoogle\"\r\n     style=\"display:block\"\r\n     data-ad-client=\"ca-pub-8585364105181520\"\r\n     data-ad-slot=\"8789329856\"\r\n     data-ad-format=\"auto\"\r\n     data-full-width-responsive=\"true\"><\/ins>\r\n<script>\r\n     (adsbygoogle = window.adsbygoogle || []).push({});\r\n<\/script>\n<\/div>\n<h2>Um Novo Marco para a Inclus\u00e3o Social<\/h2>\n<p>A Prefeitura de Porto Velho, por meio da Secretaria Municipal de Inclus\u00e3o e Assist\u00eancia Social (Semias), inaugurou recentemente um novo local para o Cadastro \u00danico na regi\u00e3o da Pra\u00e7a CEU, localizado no bairro Juscelino Kubitschek (JK). Este passo representa um avan\u00e7o significativo na facilita\u00e7\u00e3o do acesso aos servi\u00e7os socioassistenciais, especialmente para as fam\u00edlias de uma das \u00e1reas mais densamente povoadas da cidade.<\/p>\n<h2>Localiza\u00e7\u00e3o Estrat\u00e9gica na Pra\u00e7a CEU<\/h2>\n<p>A escolha do espa\u00e7o na Pra\u00e7a CEU n\u00e3o foi por acaso. Este local j\u00e1 \u00e9 um ponto focal de atividades comunit\u00e1rias, oferecendo uma variedade de eventos culturais e recreativos. Agora, com a instala\u00e7\u00e3o do polo do Cadastro \u00danico, ele se torna tamb\u00e9m um centro de servi\u00e7os p\u00fablicos essenciais, refor\u00e7ando a fun\u00e7\u00e3o do espa\u00e7o como um ponto de encontro comunit\u00e1rio. Isso significa que al\u00e9m das atividades tradicionais, a popula\u00e7\u00e3o agora poder\u00e1 resolver quest\u00f5es relacionadas aos servi\u00e7os sociais de forma mais r\u00e1pida e acess\u00edvel.<\/p>\n<h2>Facilitando o Acesso aos Programas Sociais<\/h2>\n<p>O novo posto de atendimento funcionar\u00e1 em hor\u00e1rios convenientes, das 7h30 \u00e0s 13h30, permitindo que mais pessoas possam se beneficiar das oportunidades oferecidas. Os cidad\u00e3os poder\u00e3o realizar inscri\u00e7\u00f5es, atualiza\u00e7\u00f5es cadastrais, consultas ao N\u00famero de Identifica\u00e7\u00e3o Social (NIS) e emiss\u00e3o de comprovantes, al\u00e9m de obter informa\u00e7\u00f5es sobre outros benef\u00edcios sociais do Governo Federal. Essa abordagem pr\u00e1tica \u00e9 especialmente vital para aqueles que enfrentam dificuldades de deslocamento em busca de servi\u00e7os p\u00fablicos.<\/p>\n<p><img decoding=\"async\" src=\"https:\/\/www.encontraportovelho.com.br\/sobre\/wp-content\/uploads\/2026\/07\/zona-leste-ganha-novo-polo-do-cadastro-unico-para-ampliar-acesso-aos-programas-sociais.webp\" alt=\"Cadastro \u00danico\" loading=\"lazy\" \/><\/p>\n<h2>Benef\u00edcios da Descentraliza\u00e7\u00e3o dos Servi\u00e7os<\/h2>\n<p>Com a descentraliza\u00e7\u00e3o dos servi\u00e7os, a Prefeitura busca n\u00e3o apenas aumentar a disponibilidade, mas tamb\u00e9m agilizar o atendimento. Ao tornar o Cadastro \u00danico mais acess\u00edvel, o governo municipal est\u00e1 garantindo que as fam\u00edlias possam ter um acesso mais efetivo aos benef\u00edcios sociais que s\u00e3o cruciais para a melhoria da qualidade de vida. A proximidade do servi\u00e7o permite que os cidad\u00e3os tenham mais controle sobre suas informa\u00e7\u00f5es e acesso direto \u00e0s pol\u00edticas p\u00fablicas que visam sua inclus\u00e3o social.<\/p>\n<h2>A Voz da Comunidade: Rea\u00e7\u00e3o Positiva<\/h2>\n<p>Os primeiros atendimentos na nova unidade j\u00e1 demonstraram uma recep\u00e7\u00e3o calorosa por parte da comunidade. Moradores, como Daniele Ferreira, relataram experi\u00eancias positivas, elogiando a rapidez e a organiza\u00e7\u00e3o no atendimento. Daniele, que ficou sabendo da nova unidade por meio de uma vizinha, compartilhou sua experi\u00eancia com outros, ressaltando a import\u00e2ncia da localiza\u00e7\u00e3o para facilitar o registro no Cadastro \u00danico e estimular outras pessoas a tamb\u00e9m usufru\u00edrem do servi\u00e7o.<\/p>\n<h2>Estrat\u00e9gias para Aumentar a Efetividade<\/h2>\n<p>A amplia\u00e7\u00e3o dos postos de atendimento \u00e9 uma estrat\u00e9gia chave da Semias para aprimorar o acesso aos servi\u00e7os socioassistenciais. Al\u00e9m da nova unidade na Pra\u00e7a CEU, a prefeitura continua a buscar outras formas de trazer servi\u00e7os essenciais para mais perto da popula\u00e7\u00e3o. Isso n\u00e3o apenas facilita a vida dos cidad\u00e3os, mas tamb\u00e9m promove um ambiente mais inclusivo e acolhedor, essencial para a constru\u00e7\u00e3o de uma sociedade mais justa.<\/p>\n<h2>O Papel da Prefeitura na Inclus\u00e3o<\/h2>\n<p>O compromisso da gest\u00e3o municipal com a inclus\u00e3o social \u00e9 claro e est\u00e1 presente em cada uma de suas iniciativas. O prefeito L\u00e9o Moraes enfatizou a import\u00e2ncia de levar os servi\u00e7os para mais perto das pessoas. Com essa nova unidade, a prefeitura reafirma seu papel na promo\u00e7\u00e3o dos direitos dos cidad\u00e3os e seu acesso a servi\u00e7os essenciais, demonstrando que a inclus\u00e3o social \u00e9 uma prioridade.<\/p>\n<h2>Atendimentos R\u00e1pidos e Organizados<\/h2>\n<p>O novo posto de cadastro tem como prioridade garantir atendimentos eficazes e bem organizados, permitindo um fluxo r\u00e1pido para os cidad\u00e3os. A equipe que trabalha no local est\u00e1 treinada para atender com agilidade, prestando suporte completo aos moradores e esclarecendo quaisquer d\u00favidas que possam surgir no processo de cadastro ou atualiza\u00e7\u00e3o.<\/p>\n<h2>A Import\u00e2ncia do Cadastro \u00danico<\/h2>\n<p>O Cadastro \u00danico \u00e9 uma ferramenta vital para a inclus\u00e3o social, funcionando como um registro que possibilita \u00e0s fam\u00edlias de baixa renda acesso a diversas pol\u00edticas p\u00fablicas. Al\u00e9m de benef\u00edcios como o Bolsa Fam\u00edlia, o cadastro \u00e9 crucial para o acesso a programas habitacionais, educa\u00e7\u00e3o e sa\u00fade, entre outros. Com a instala\u00e7\u00e3o de novas unidades, espera-se que mais pessoas possam ser inclu\u00eddas e beneficiadas.<\/p>\n<h2>Futuro da Assist\u00eancia Social em Porto Velho<\/h2>\n<p>O futuro da assist\u00eancia social em Porto Velho parece promissor com a cria\u00e7\u00e3o de novas unidades de atendimento, que visam atender melhor as necessidades da popula\u00e7\u00e3o. A prefeitura continuar\u00e1 a trabalhar para que esses servi\u00e7os sejam cada vez mais acess\u00edveis, priorizando o bem-estar e a dignidade dos cidad\u00e3os. As pr\u00f3ximas etapas dever\u00e3o incluir n\u00e3o s\u00f3 a manuten\u00e7\u00e3o das novas unidades, mas tamb\u00e9m a implementa\u00e7\u00e3o de mais iniciativas que tornem o acesso aos servi\u00e7os sociais ainda mais facilitado.<\/p>\n\n<div style=\"font-size: 0px; height: 0px; line-height: 0px; margin: 0; padding: 0; clear: both;\"><\/div>","protected":false},"excerpt":{"rendered":"<p>Zona Leste ganha novo polo do Cadastro \u00danico, facilitando o acesso aos programas sociais.<\/p>\n","protected":false},"author":1,"featured_media":2137,"comment_status":"closed","ping_status":"closed","sticky":false,"template":"","format":"standard","meta":{"footnotes":""},"categories":[26],"tags":[],"class_list":["post-2138","post","type-post","status-publish","format-standard","has-post-thumbnail","hentry","category-educacao-em-porto-velho","has_thumb"],"_links":{"self":[{"href":"https:\/\/www.encontraportovelho.com.br\/sobre\/wp-json\/wp\/v2\/posts\/2138","targetHints":{"allow":["GET"]}}],"collection":[{"href":"https:\/\/www.encontraportovelho.com.br\/sobre\/wp-json\/wp\/v2\/posts"}],"about":[{"href":"https:\/\/www.encontraportovelho.com.br\/sobre\/wp-json\/wp\/v2\/types\/post"}],"author":[{"embeddable":true,"href":"https:\/\/www.encontraportovelho.com.br\/sobre\/wp-json\/wp\/v2\/users\/1"}],"replies":[{"embeddable":true,"href":"https:\/\/www.encontraportovelho.com.br\/sobre\/wp-json\/wp\/v2\/comments?post=2138"}],"version-history":[{"count":0,"href":"https:\/\/www.encontraportovelho.com.br\/sobre\/wp-json\/wp\/v2\/posts\/2138\/revisions"}],"wp:featuredmedia":[{"embeddable":true,"href":"https:\/\/www.encontraportovelho.com.br\/sobre\/wp-json\/wp\/v2\/media\/2137"}],"wp:attachment":[{"href":"https:\/\/www.encontraportovelho.com.br\/sobre\/wp-json\/wp\/v2\/media?parent=2138"}],"wp:term":[{"taxonomy":"category","embeddable":true,"href":"https:\/\/www.encontraportovelho.com.br\/sobre\/wp-json\/wp\/v2\/categories?post=2138"},{"taxonomy":"post_tag","embeddable":true,"href":"https:\/\/www.encontraportovelho.com.br\/sobre\/wp-json\/wp\/v2\/tags?post=2138"}],"curies":[{"name":"wp","href":"https:\/\/api.w.org\/{rel}","templated":true}]}}