{"id":2146,"date":"2026-07-16T06:48:11","date_gmt":"2026-07-16T09:48:11","guid":{"rendered":"https:\/\/www.encontraportovelho.com.br\/sobre\/guarda-municipal-e-atividade-delegada-fortalecem-a-seguranca-em-porto-velho\/"},"modified":"2026-07-16T06:48:11","modified_gmt":"2026-07-16T09:48:11","slug":"guarda-municipal-e-atividade-delegada-fortalecem-a-seguranca-em-porto-velho","status":"publish","type":"post","link":"https:\/\/www.encontraportovelho.com.br\/sobre\/guarda-municipal-e-atividade-delegada-fortalecem-a-seguranca-em-porto-velho\/","title":{"rendered":"Guarda Municipal e Atividade Delegada fortalecem a seguran\u00e7a em Porto Velho"},"content":{"rendered":"<div class=\"13d057bedbee569bbd7541dee57205a1\" data-index=\"1\" style=\"float: none; margin:0px;\">\n<!-- Anuncio display - global -->\r\n<ins class=\"adsbygoogle\"\r\n     style=\"display:block\"\r\n     data-ad-client=\"ca-pub-8585364105181520\"\r\n     data-ad-slot=\"8789329856\"\r\n     data-ad-format=\"auto\"\r\n     data-full-width-responsive=\"true\"><\/ins>\r\n<script>\r\n     (adsbygoogle = window.adsbygoogle || []).push({});\r\n<\/script>\n<\/div>\n<h2>Impacto da Atividade Delegada na Seguran\u00e7a P\u00fablica<\/h2>\n<p>Em Porto Velho, a Atividade Delegada surge como uma resposta \u00e0s crescentes demandas por seguran\u00e7a. A proposta, que permite a <strong>policiais militares trabalhar em hor\u00e1rios de folga<\/strong> para a Prefeitura, tem mostrado resultados significativos na intensifica\u00e7\u00e3o do patrulhamento. Essa medida se traduz em uma presen\u00e7a maior da pol\u00edcia em locais onde o fluxo de pessoas \u00e9 elevado, o que contribui para a <strong>preven\u00e7\u00e3o de crimes<\/strong>.<\/p>\n<h2>A Fun\u00e7\u00e3o da Guarda Municipal em Porto Velho<\/h2>\n<p>A cria\u00e7\u00e3o da <strong>Guarda Municipal de Porto Velho<\/strong> representa um passo hist\u00f3rico, visando proporcionar maior prote\u00e7\u00e3o aos bens e servi\u00e7os p\u00fablicos. O efetivo da guarda, que ser\u00e1 formado por meio de um <strong>concurso p\u00fablico<\/strong>, ter\u00e1 como responsabilidade garantir a seguran\u00e7a de espa\u00e7os p\u00fablicos e colaborar em atividades de seguran\u00e7a urbana, tudo dentro do que \u00e9 estipulado em legisla\u00e7\u00f5es espec\u00edficas.<\/p>\n<h2>Como Funcionam os Policiamentos em Hor\u00e1rios de Folga<\/h2>\n<p>A Atividade Delegada oferece uma estrutura onde os policiais militam em <strong>escalas de trabalho<\/strong> adaptadas. Durante seus per\u00edodos de folga, esses profissionais podem ser acionados para refor\u00e7ar o policiamento em \u00e1reas cr\u00edticas. Este modelo visa melhorar a efici\u00eancia nas opera\u00e7\u00f5es de seguran\u00e7a, fazendo uso de um quadro j\u00e1 treinado e experiente, permitindo que a <strong>comunidade perceba um aumento na seguran\u00e7a<\/strong> sem custos adicionais significativos para a administra\u00e7\u00e3o municipal.<\/p>\n<p><img decoding=\"async\" src=\"https:\/\/www.encontraportovelho.com.br\/sobre\/wp-content\/uploads\/2026\/07\/guarda-municipal-e-atividade-delegada-fortalecem-a-seguranca-em-porto-velho.webp\" alt=\"Guarda Municipal e Atividade Delegada\" loading=\"lazy\" \/><\/p>\n<h2>Desafios Enfrentados pela Seguran\u00e7a P\u00fablica<\/h2>\n<p>Apesar dos avan\u00e7os trazidos pela Atividade Delegada e pela cria\u00e7\u00e3o da Guarda Municipal, a seguran\u00e7a p\u00fablica em Porto Velho ainda enfrenta v\u00e1rias dificuldades. Entre os principais <strong>desafios est\u00e3o<\/strong>: a falta de recursos, a necessidade de capacita\u00e7\u00e3o cont\u00ednua dos agentes de seguran\u00e7a, e a grande demanda por policiamento em um munic\u00edpio que cresce rapidamente. Esses fatores exigem uma articula\u00e7\u00e3o eficaz entre as autoridades municipais e estaduais.<\/p>\n<h2>A Rea\u00e7\u00e3o da Comunidade \u00e0s Medidas de Seguran\u00e7a<\/h2>\n<p>A popula\u00e7\u00e3o de Porto Velho mostra uma resposta mista \u00e0s iniciativas de seguran\u00e7a. Por um lado, muitos cidad\u00e3os expressam apoio \u00e0 <strong>presen\u00e7a policial aumentada<\/strong> e \u00e0 atua\u00e7\u00e3o da Guarda Municipal; por outro lado, h\u00e1 preocupa\u00e7\u00f5es com a <strong>falta de comunica\u00e7\u00e3o<\/strong> entre as for\u00e7as de seguran\u00e7a e a comunidade. \u00c9 essencial que as autoridades ou\u00e7am e considerem o feedback da popula\u00e7\u00e3o ao implementar novas estrat\u00e9gias.<\/p>\n<h2>A Colabora\u00e7\u00e3o entre a Prefeitura e o Governo Estadual<\/h2>\n<p>A intera\u00e7\u00e3o entre a Prefeitura de Porto Velho e as for\u00e7as de seguran\u00e7a estaduais \u00e9 fundamental para a efic\u00e1cia das iniciativas. Essa <strong>coopera\u00e7\u00e3o institucional<\/strong> assegura que as a\u00e7\u00f5es sejam alinhadas e respeitem as atribui\u00e7\u00f5es de cada \u00f3rg\u00e3o. Com a troca de informa\u00e7\u00f5es e estrat\u00e9gias, um trabalho conjunto de ambos os lados pode levar a uma resposta mais \u00e1gil e eficiente frente \u00e0 criminalidade.<\/p>\n<h2>Benef\u00edcios da Presen\u00e7a Policial Aumentada<\/h2>\n<p>A presen\u00e7a intensificada de policiais nas ruas tem gerado diversos benef\u00edcios para a seguran\u00e7a p\u00fablica, como o aumento da sensa\u00e7\u00e3o de <strong>seguran\u00e7a<\/strong> para os cidad\u00e3os. Al\u00e9m disso, esse policiamento extra age como um elemento dissuasor para potenciais infratores, tornando as \u00e1reas mais seguras tanto para os moradores quanto para os visitantes.<\/p>\n<h2>Futuro da Seguran\u00e7a P\u00fablica em Porto Velho<\/h2>\n<p>O futuro das iniciativas de seguran\u00e7a p\u00fablica em Porto Velho parece promissor, com programa\u00e7\u00f5es que buscam integrar as pr\u00e1ticas de policiamento atual com novas tecnologias. A moderniza\u00e7\u00e3o dos sistemas de seguran\u00e7a e a forma\u00e7\u00e3o cont\u00ednua dos profissionais ser\u00e3o essenciais para garantir que a cidade mantenha um padr\u00e3o elevado em suas pr\u00e1ticas de seguran\u00e7a.<\/p>\n<h2>Entrevista com o Prefeito sobre Iniciativas de Seguran\u00e7a<\/h2>\n<p>Em uma entrevista recente, o <strong>prefeito L\u00e9o Moraes<\/strong> enfatizou a import\u00e2ncia de n\u00e3o apenas responder \u00e0s preocupa\u00e7\u00f5es da popula\u00e7\u00e3o, mas tamb\u00e9m de construir um ambiente onde as for\u00e7as de seguran\u00e7a possam operar de forma eficaz. Discuss\u00f5es sobre a necessidade de uma maior presen\u00e7a policial, a cria\u00e7\u00e3o da Guarda Municipal e a continuidade da Atividade Delegada foram os pontos centrais da conversa.<\/p>\n<h2>Atores envolvidos na seguran\u00e7a p\u00fablica e suas fun\u00e7\u00f5es<\/h2>\n<p>No contexto da seguran\u00e7a p\u00fablica, diversos atores desempenham pap\u00e9is cruciais. Entre eles est\u00e3o:<\/p>\n<ul>\n<li><strong>Policiais Militares:<\/strong> Respons\u00e1veis pelo patrulhamento e pela resposta a chamadas emergenciais.<\/li>\n<li><strong>Guarda Municipal:<\/strong> Focada na prote\u00e7\u00e3o de espa\u00e7os p\u00fablicos e na colabora\u00e7\u00e3o com policiamento urbano.<\/li>\n<li><strong>Corpo de Bombeiros:<\/strong> Envolvido em opera\u00e7\u00f5es de emerg\u00eancia e salvamento.<\/li>\n<li><strong>Vigilantes Privados:<\/strong> Atuando em parceria com as for\u00e7as p\u00fablicas para proteger a seguran\u00e7a patrimonial.<\/li>\n<li><strong>Popula\u00e7\u00e3o Local:<\/strong> Fundamental na colabora\u00e7\u00e3o e den\u00fancia de atividades suspeitas.<\/li>\n<\/ul>\n\n<div style=\"font-size: 0px; height: 0px; line-height: 0px; margin: 0; padding: 0; clear: both;\"><\/div>","protected":false},"excerpt":{"rendered":"<p>Guarda Municipal e Atividade Delegada s\u00e3o essenciais para a seguran\u00e7a em Porto Velho.<\/p>\n","protected":false},"author":1,"featured_media":2145,"comment_status":"closed","ping_status":"closed","sticky":false,"template":"","format":"standard","meta":{"footnotes":""},"categories":[35],"tags":[],"class_list":["post-2146","post","type-post","status-publish","format-standard","has-post-thumbnail","hentry","category-delegacias-porto-velho","has_thumb"],"_links":{"self":[{"href":"https:\/\/www.encontraportovelho.com.br\/sobre\/wp-json\/wp\/v2\/posts\/2146","targetHints":{"allow":["GET"]}}],"collection":[{"href":"https:\/\/www.encontraportovelho.com.br\/sobre\/wp-json\/wp\/v2\/posts"}],"about":[{"href":"https:\/\/www.encontraportovelho.com.br\/sobre\/wp-json\/wp\/v2\/types\/post"}],"author":[{"embeddable":true,"href":"https:\/\/www.encontraportovelho.com.br\/sobre\/wp-json\/wp\/v2\/users\/1"}],"replies":[{"embeddable":true,"href":"https:\/\/www.encontraportovelho.com.br\/sobre\/wp-json\/wp\/v2\/comments?post=2146"}],"version-history":[{"count":0,"href":"https:\/\/www.encontraportovelho.com.br\/sobre\/wp-json\/wp\/v2\/posts\/2146\/revisions"}],"wp:featuredmedia":[{"embeddable":true,"href":"https:\/\/www.encontraportovelho.com.br\/sobre\/wp-json\/wp\/v2\/media\/2145"}],"wp:attachment":[{"href":"https:\/\/www.encontraportovelho.com.br\/sobre\/wp-json\/wp\/v2\/media?parent=2146"}],"wp:term":[{"taxonomy":"category","embeddable":true,"href":"https:\/\/www.encontraportovelho.com.br\/sobre\/wp-json\/wp\/v2\/categories?post=2146"},{"taxonomy":"post_tag","embeddable":true,"href":"https:\/\/www.encontraportovelho.com.br\/sobre\/wp-json\/wp\/v2\/tags?post=2146"}],"curies":[{"name":"wp","href":"https:\/\/api.w.org\/{rel}","templated":true}]}}