{"id":2160,"date":"2026-07-18T03:22:13","date_gmt":"2026-07-18T06:22:13","guid":{"rendered":"https:\/\/www.encontraportovelho.com.br\/sobre\/prefeitura-de-porto-velho-realiza-solenidade-de-entrega-das-comendas-rio-madeira-e-mario-de-an\/"},"modified":"2026-07-18T03:22:13","modified_gmt":"2026-07-18T06:22:13","slug":"prefeitura-de-porto-velho-realiza-solenidade-de-entrega-das-comendas-rio-madeira-e-mario-de-an","status":"publish","type":"post","link":"https:\/\/www.encontraportovelho.com.br\/sobre\/prefeitura-de-porto-velho-realiza-solenidade-de-entrega-das-comendas-rio-madeira-e-mario-de-an\/","title":{"rendered":"Prefeitura de Porto Velho realiza solenidade de entrega das Comendas Rio Madeira e M\u00e1rio de An"},"content":{"rendered":"<div class=\"13d057bedbee569bbd7541dee57205a1\" data-index=\"1\" style=\"float: none; margin:0px;\">\n<!-- Anuncio display - global -->\r\n<ins class=\"adsbygoogle\"\r\n     style=\"display:block\"\r\n     data-ad-client=\"ca-pub-8585364105181520\"\r\n     data-ad-slot=\"8789329856\"\r\n     data-ad-format=\"auto\"\r\n     data-full-width-responsive=\"true\"><\/ins>\r\n<script>\r\n     (adsbygoogle = window.adsbygoogle || []).push({});\r\n<\/script>\n<\/div>\n<h2>Import\u00e2ncia das Comendas para Porto Velho<\/h2>\n<p>A entrega das comendas em Porto Velho \u00e9 um evento significativo que n\u00e3o apenas celebra as contribui\u00e7\u00f5es de indiv\u00edduos \u00e0 sociedade, mas tamb\u00e9m fortalece os la\u00e7os comunit\u00e1rios. Comendas como a do Rio Madeira e M\u00e1rio de Andrade reconhecem esfor\u00e7os e realiza\u00e7\u00f5es que impactaram positivamente a vida da cidade. Atrav\u00e9s da honraria, a gest\u00e3o municipal ressalta o valor das a\u00e7\u00f5es realizadas por cidad\u00e3os e organiza\u00e7\u00f5es que atuam em diversas \u00e1reas, como cultura, educa\u00e7\u00e3o e turismo, por exemplo.<\/p>\n<h2>Homenageados da Comenda Rio Madeira<\/h2>\n<p>A <strong>Comenda Rio Madeira<\/strong> \u00e9 destinada a personalidades que, atrav\u00e9s de suas atividades, promoveram o desenvolvimento da cidade. Abaixo, confira a lista dos homenageados:<\/p>\n<ul>\n<li>Marcio Belmont Barreto<\/li>\n<li>Tatiana Nara Sadec<\/li>\n<li>Raul Afonso Pommer Barbosa<\/li>\n<li>Arlete Ara\u00fajo Betencourth<\/li>\n<li>Dayse Lucyd Rodrigues do Carmo Cortez<\/li>\n<li>Maria Auxiliadora Lima da Silva<\/li>\n<li>Marta Pereira Alexandria<\/li>\n<li>M\u00e1rcia Borges da Silva<\/li>\n<li>Jos\u00e9 Calixto da Silva Neto<\/li>\n<li>Breno Rodrigo Brito Onofre<\/li>\n<li>Danillo Fernandes Lopes<\/li>\n<li>Haroldo de S\u00e1 Medeiros<\/li>\n<\/ul>\n<h2>Homenageados da Comenda M\u00e1rio de Andrade<\/h2>\n<p>A <strong>Comenda M\u00e1rio de Andrade<\/strong>, por sua vez, homenageia aqueles que se destacaram nas \u00e1reas cultural e art\u00edstica. Os agraciados nesta vers\u00e3o da comenda s\u00e3o:<\/p>\n<p><img decoding=\"async\" src=\"https:\/\/www.encontraportovelho.com.br\/sobre\/wp-content\/uploads\/2026\/07\/prefeitura-de-porto-velho-realiza-solenidade-de-entrega-das-comendas-rio-madeira-e-mario-de-an.webp\" alt=\"Comendas Rio Madeira e M\u00e1rio de Andrade\" loading=\"lazy\" \/><\/p>\n<ul>\n<li>Paulo Roberto Oliveira de Moraes J\u00fanior<\/li>\n<li>Volcir Ant\u00f4nio Belini<\/li>\n<li>Aleksander Allen Nina Palitot<\/li>\n<li>F\u00e1bio Rodrigues Fregona<\/li>\n<li>Augusto Medeiros Pellucio<\/li>\n<li>Cl\u00e1udio N\u00f3rio Hikague<\/li>\n<li>Conf\u00facio Aires Moura<\/li>\n<li>Acir Gurgacz<\/li>\n<li>Jo\u00e3o Chris\u00f3stomo de Moura<\/li>\n<li>Douglas Batista Oliveira<\/li>\n<li>Marcos Andr\u00e9 Cardoso Magalh\u00e3es<\/li>\n<li>Darci Agostinho Cerutti<\/li>\n<\/ul>\n<h2>Lan\u00e7amento do Manual de Pesca Esportiva<\/h2>\n<p>Durante a solenidade, tamb\u00e9m ser\u00e1 apresentado o novo <strong>Manual de Pesca Esportiva<\/strong>. Esse documento visa fornecer recomenda\u00e7\u00f5es e orienta\u00e7\u00f5es sobre a pr\u00e1tica respons\u00e1vel da pesca no munic\u00edpio, refletindo a preocupa\u00e7\u00e3o da prefeitura com a preserva\u00e7\u00e3o dos recursos naturais e a promo\u00e7\u00e3o de atividades de lazer que respeitem o meio ambiente.<\/p>\n<h2>Selos Oficiais: Capital da Observa\u00e7\u00e3o de Aves<\/h2>\n<p>Um dos momentos de destaque da cerim\u00f4nia ser\u00e1 o lan\u00e7amento dos selos oficiais que identificam Porto Velho como a <strong>Capital da Observa\u00e7\u00e3o de Aves<\/strong>. Essa iniciativa busca promover o ecoturismo e mostrar a riqueza da fauna local, atraindo turistas interessados em apreciar a biodiversidade av\u00edcola da regi\u00e3o.<\/p>\n<h2>Selo Oficial: Capital da Pesca Esportiva<\/h2>\n<p>Al\u00e9m do selo das aves, Porto Velho ser\u00e1 reconhecida oficialmente como a <strong>Capital da Pesca Esportiva<\/strong>. Este t\u00edtulo n\u00e3o apenas refor\u00e7a a import\u00e2ncia da cidade como destino para os amantes da pesca, mas tamb\u00e9m destaca o potencial econ\u00f4mico que essa atividade pode trazer para a localidade, incentivando o turismo e a gera\u00e7\u00e3o de empregos.<\/p>\n<h2>Compromisso da Gest\u00e3o com o Turismo<\/h2>\n<p>A gest\u00e3o municipal, liderada pelo prefeito L\u00e9o Moraes, demonstra seu compromisso em desenvolver estrat\u00e9gias que fomentem o turismo, preservem o patrim\u00f4nio natural e elevem a imagem de Porto Velho no cen\u00e1rio nacional e internacional. A entrega das comendas e o lan\u00e7amento dos selos s\u00e3o parte dessa estrat\u00e9gia, que visa n\u00e3o apenas reconhecer talentos locais, mas tamb\u00e9m promover Porto Velho como um destino atrativo para visitantes.<\/p>\n<h2>Celebra\u00e7\u00e3o da Hist\u00f3ria de Porto Velho<\/h2>\n<p>A cerim\u00f4nia \u00e9 uma homenagem \u00e0 hist\u00f3ria da cidade e sua evolu\u00e7\u00e3o ao longo dos anos. Por meio das comendas, a prefeitura enfatiza a import\u00e2ncia de reconhecer aqueles que contribuiram significativamente para o desenvolvimento econ\u00f4mico, social e cultural de Porto Velho. Este reconhecimento \u00e9 fundamental para motivar a\u00e7\u00f5es futuras e inspirar novas gera\u00e7\u00f5es.<\/p>\n<h2>Reconhecimento e Valoriza\u00e7\u00e3o de Personalidades<\/h2>\n<p>O evento tamb\u00e9m \u00e9 uma forma de valorizar as personalidades que, com seu trabalho e dedica\u00e7\u00e3o, fazem a diferen\u00e7a no cotidiano da capital. Ao homenagear esses indiv\u00edduos, a prefeitura demonstra apre\u00e7o pelas iniciativas que ajudam a moldar a identidade cultural de Porto Velho.<\/p>\n<h2>Detalhes do Evento: Local e Hor\u00e1rio<\/h2>\n<p>A <strong>Solenidade de Outorga das Comendas Rio Madeira e M\u00e1rio de Andrade<\/strong> ocorrer\u00e1 no dia 16 de julho de 2026, \u00e0s 18h, no Teatro Banzeiros, localizado na Rua Jos\u00e9 do Patroc\u00ednio, n\u00ba 110, Centro. Este evento \u00e9 uma oportunidade para que a comunidade se re\u00fana e celebre as realiza\u00e7\u00f5es que t\u00eam impactado positivamente a cidade.<\/p>\n\n<div style=\"font-size: 0px; height: 0px; line-height: 0px; margin: 0; padding: 0; clear: both;\"><\/div>","protected":false},"excerpt":{"rendered":"<p>Prefeitura de Porto Velho entrega Comendas Rio Madeira e M\u00e1rio de Andrade em cerim\u00f4nia especial.<\/p>\n","protected":false},"author":1,"featured_media":2159,"comment_status":"closed","ping_status":"closed","sticky":false,"template":"","format":"standard","meta":{"footnotes":""},"categories":[25],"tags":[],"class_list":["post-2160","post","type-post","status-publish","format-standard","has-post-thumbnail","hentry","category-cultura-em-porto-velho","has_thumb"],"_links":{"self":[{"href":"https:\/\/www.encontraportovelho.com.br\/sobre\/wp-json\/wp\/v2\/posts\/2160","targetHints":{"allow":["GET"]}}],"collection":[{"href":"https:\/\/www.encontraportovelho.com.br\/sobre\/wp-json\/wp\/v2\/posts"}],"about":[{"href":"https:\/\/www.encontraportovelho.com.br\/sobre\/wp-json\/wp\/v2\/types\/post"}],"author":[{"embeddable":true,"href":"https:\/\/www.encontraportovelho.com.br\/sobre\/wp-json\/wp\/v2\/users\/1"}],"replies":[{"embeddable":true,"href":"https:\/\/www.encontraportovelho.com.br\/sobre\/wp-json\/wp\/v2\/comments?post=2160"}],"version-history":[{"count":0,"href":"https:\/\/www.encontraportovelho.com.br\/sobre\/wp-json\/wp\/v2\/posts\/2160\/revisions"}],"wp:featuredmedia":[{"embeddable":true,"href":"https:\/\/www.encontraportovelho.com.br\/sobre\/wp-json\/wp\/v2\/media\/2159"}],"wp:attachment":[{"href":"https:\/\/www.encontraportovelho.com.br\/sobre\/wp-json\/wp\/v2\/media?parent=2160"}],"wp:term":[{"taxonomy":"category","embeddable":true,"href":"https:\/\/www.encontraportovelho.com.br\/sobre\/wp-json\/wp\/v2\/categories?post=2160"},{"taxonomy":"post_tag","embeddable":true,"href":"https:\/\/www.encontraportovelho.com.br\/sobre\/wp-json\/wp\/v2\/tags?post=2160"}],"curies":[{"name":"wp","href":"https:\/\/api.w.org\/{rel}","templated":true}]}}