{"id":2162,"date":"2026-07-19T02:55:49","date_gmt":"2026-07-19T05:55:49","guid":{"rendered":"https:\/\/www.encontraportovelho.com.br\/sobre\/guarda-municipal-e-atividade-delegada-fortalecem-a-segura\/"},"modified":"2026-07-19T02:55:49","modified_gmt":"2026-07-19T05:55:49","slug":"guarda-municipal-e-atividade-delegada-fortalecem-a-segura","status":"publish","type":"post","link":"https:\/\/www.encontraportovelho.com.br\/sobre\/guarda-municipal-e-atividade-delegada-fortalecem-a-segura\/","title":{"rendered":"Guarda Municipal e Atividade Delegada fortalecem a segura&#8230;"},"content":{"rendered":"<div class=\"13d057bedbee569bbd7541dee57205a1\" data-index=\"1\" style=\"float: none; margin:0px;\">\n<!-- Anuncio display - global -->\r\n<ins class=\"adsbygoogle\"\r\n     style=\"display:block\"\r\n     data-ad-client=\"ca-pub-8585364105181520\"\r\n     data-ad-slot=\"8789329856\"\r\n     data-ad-format=\"auto\"\r\n     data-full-width-responsive=\"true\"><\/ins>\r\n<script>\r\n     (adsbygoogle = window.adsbygoogle || []).push({});\r\n<\/script>\n<\/div>\n<h2>O que \u00e9 a Guarda Municipal?<\/h2>\n<p>A Guarda Municipal \u00e9 uma institui\u00e7\u00e3o que desempenha um papel fundamental na seguran\u00e7a p\u00fablica de um munic\u00edpio. Em Porto Velho, essa guarda foi criada com o objetivo de promover a prote\u00e7\u00e3o de bens, servi\u00e7os e espa\u00e7os p\u00fablicos. Al\u00e9m disso, sua atua\u00e7\u00e3o se estende \u00e0 colabora\u00e7\u00e3o com as for\u00e7as policiais, contribuindo para a manuten\u00e7\u00e3o da ordem e a seguran\u00e7a da popula\u00e7\u00e3o.<\/p>\n<h2>A import\u00e2ncia da Atividade Delegada<\/h2>\n<p>A Atividade Delegada \u00e9 uma iniciativa inovadora que permite a atua\u00e7\u00e3o de policiais militares em hor\u00e1rios de folga, de forma remunerada. Essa estrat\u00e9gia \u00e9 vital para aumentar a presen\u00e7a policial nas ruas, especialmente em \u00e1reas com maior concentra\u00e7\u00e3o de popula\u00e7\u00e3o e incid\u00eancia de crimes. Atrav\u00e9s da Atividade Delegada, o munic\u00edpio consegue ampliar o policiamento, ajudando na preven\u00e7\u00e3o de delitos e melhorando a sensa\u00e7\u00e3o de seguran\u00e7a da comunidade.<\/p>\n<h2>Como funciona a Atividade Delegada?<\/h2>\n<p>O funcionamento da Atividade Delegada envolve a designa\u00e7\u00e3o de policiais militares para atuar em pontos estrat\u00e9gicos, dentro de suas jornadas de trabalho volunt\u00e1rias. Esses profissionais recebem compensa\u00e7\u00e3o financeira, incentivando a participa\u00e7\u00e3o desses agentes na seguran\u00e7a p\u00fablica efetiva. A atua\u00e7\u00e3o se foca em rondas, patrulhamento em \u00e1reas vulner\u00e1veis e apoio \u00e0s opera\u00e7\u00f5es policiais convencionais, garantindo um refor\u00e7o na seguran\u00e7a p\u00fablica.<\/p>\n<p><img decoding=\"async\" src=\"https:\/\/www.encontraportovelho.com.br\/sobre\/wp-content\/uploads\/2026\/07\/guarda-municipal-e-atividade-delegada-fortalecem-a-segura.webp\" alt=\"Guarda Municipal e Atividade Delegada\" loading=\"lazy\" \/><\/p>\n<h2>Hist\u00f3ria da seguran\u00e7a em Porto Velho<\/h2>\n<p>A hist\u00f3ria da seguran\u00e7a em Porto Velho revela um constante desafio para as autoridades locais, devido ao crescimento populacional e problemas socioecon\u00f4micos. Durante anos, a seguran\u00e7a foi uma das principais preocupa\u00e7\u00f5es dos cidad\u00e3os. A cria\u00e7\u00e3o da Guarda Municipal e a implementa\u00e7\u00e3o da Atividade Delegada surgem como respostas a essa demanda por mais prote\u00e7\u00e3o e a\u00e7\u00e3o direta por parte do Governo Municipal.<\/p>\n<h2>Iniciativas do governo municipal para seguran\u00e7a<\/h2>\n<p>O governo de Porto Velho tem investido em diversas iniciativas voltadas para a seguran\u00e7a, incluindo:<\/p>\n<ul>\n<li><strong>Cria\u00e7\u00e3o da Guarda Municipal:<\/strong> Com previs\u00e3o de concurso p\u00fablico, visa formar um efetivo para atuar na prote\u00e7\u00e3o de bens p\u00fablicos.<\/li>\n<li><strong>Parcerias com for\u00e7as policiais:<\/strong> A colabora\u00e7\u00e3o entre a Guarda Municipal e a Pol\u00edcia Militar \u00e9 fundamental para o aumento da seguran\u00e7a na cidade.<\/li>\n<li><strong>Projetos de preven\u00e7\u00e3o \u00e0 criminalidade:<\/strong> Iniciativas que visam a educa\u00e7\u00e3o e a inclus\u00e3o social, buscando atacar as causas da viol\u00eancia.<\/li>\n<\/ul>\n<h2>Contribui\u00e7\u00f5es da Guarda Municipal na prote\u00e7\u00e3o urbana<\/h2>\n<p>A atua\u00e7\u00e3o da Guarda Municipal \u00e9 multifacetada, abrangendo a\u00e7\u00f5es de vigil\u00e2ncia em locais p\u00fablicos, orienta\u00e7\u00e3o ao tr\u00e1fego e patrulhamento em eventos. Entre suas contribui\u00e7\u00f5es, destaca-se:<\/p>\n<ul>\n<li><strong>Prote\u00e7\u00e3o de espa\u00e7os p\u00fablicos:<\/strong> A Guarda zela pela seguran\u00e7a de pra\u00e7as, parques e pr\u00e9dios p\u00fablicos.<\/li>\n<li><strong>Colabora\u00e7\u00e3o em eventos:<\/strong> Auxilia na organiza\u00e7\u00e3o e seguran\u00e7a de eventos comunit\u00e1rios, aumentando a sensa\u00e7\u00e3o de seguran\u00e7a da popula\u00e7\u00e3o.<\/li>\n<li><strong>Apoio em situa\u00e7\u00f5es emergenciais:<\/strong> Resposta a ocorr\u00eancias e situa\u00e7\u00f5es de risco, integrando-se ao sistema de seguran\u00e7a da cidade.<\/li>\n<\/ul>\n<h2>Desafios enfrentados pela seguran\u00e7a p\u00fablica<\/h2>\n<p>A seguran\u00e7a p\u00fablica em Porto Velho enfrenta desafios significativos, que incluem:<\/p>\n<ul>\n<li><strong>Recursos limitados:<\/strong> A falta de financiamento espec\u00edfico pode restringir as opera\u00e7\u00f5es de seguran\u00e7a.<\/li>\n<li><strong>Altos \u00edndices de criminalidade:<\/strong> A natureza das infra\u00e7\u00f5es, como o tr\u00e1fico de drogas e a viol\u00eancia urbana, exige uma resposta r\u00e1pida e eficaz.<\/li>\n<li><strong>Integra\u00e7\u00e3o dif\u00edcil entre as institui\u00e7\u00f5es:<\/strong> A coordena\u00e7\u00e3o entre as diferentes for\u00e7as de seguran\u00e7a nem sempre \u00e9 eficiente, afetando a efetividade das opera\u00e7\u00f5es.<\/li>\n<\/ul>\n<h2>A sociedade e seu papel na seguran\u00e7a<\/h2>\n<p>A participa\u00e7\u00e3o da sociedade \u00e9 essencial para o sucesso das iniciativas de seguran\u00e7a p\u00fablica. Os cidad\u00e3os podem:<\/p>\n<ul>\n<li><strong>Colaborar com informa\u00e7\u00f5es:<\/strong> Denunciar crimes e atividades suspeitas ajuda as autoridades a atuarem de forma mais eficaz.<\/li>\n<li><strong>Engajar em movimentos comunit\u00e1rios:<\/strong> A promo\u00e7\u00e3o de grupos de vigil\u00e2ncia e f\u00f3runs de discuss\u00f5es sobre seguran\u00e7a pode fortalecer a comunidade.<\/li>\n<li><strong>Participar de programas de preven\u00e7\u00e3o:<\/strong> Envolvendo-se em a\u00e7\u00f5es educativas e de conscientiza\u00e7\u00e3o sobre seguran\u00e7a, a comunidade pode ajudar a reduzir a criminalidade.<\/li>\n<\/ul>\n<h2>Como a comunidade pode colaborar com a seguran\u00e7a<\/h2>\n<p>A colabora\u00e7\u00e3o da comunidade com a seguran\u00e7a p\u00fablica pode ser ampliada por meio de:<\/p>\n<ul>\n<li><strong>Programas de vigil\u00e2ncia comunit\u00e1ria:<\/strong> Incentivar a forma\u00e7\u00e3o de grupos de vigil\u00e2ncia, promovendo a seguran\u00e7a em bairro e comunidades espec\u00edficas.<\/li>\n<li><strong>Iniciativas educativas:<\/strong> Propor palestras e workshops sobre preven\u00e7\u00e3o a crimes e autocuidado.<\/li>\n<li><strong>Intera\u00e7\u00e3o com a Guarda Municipal:<\/strong> Estabelecer um canal de comunica\u00e7\u00e3o entre os cidad\u00e3os e a Guarda, facilitando a den\u00fancia de crimes e sugest\u00f5es.<\/li>\n<\/ul>\n<h2>Expectativas futuras para a seguran\u00e7a em Porto Velho<\/h2>\n<p>As expectativas para o futuro da seguran\u00e7a em Porto Velho incluem:<\/p>\n<ul>\n<li><strong>Aumento da efetividade da Guarda Municipal:<\/strong> Com novos concursos e a incorpora\u00e7\u00e3o de tecnologia, a presen\u00e7a da Guarda deve expandir.<\/li>\n<li><strong>Integra\u00e7\u00e3o das for\u00e7as de seguran\u00e7a:<\/strong> Melhora no trabalho conjunto entre a Guarda, Pol\u00edcia Militar e Pol\u00edcia Civil pode levar a uma maior efetividade nas a\u00e7\u00f5es.<\/li>\n<li><strong>Educa\u00e7\u00e3o e preven\u00e7\u00e3o:<\/strong> Fortalecimento de programas de cidadania e preven\u00e7\u00e3o que abordem as ra\u00edzes da viol\u00eancia e que ajudem na constru\u00e7\u00e3o de uma sociedade mais segura.<\/li>\n<\/ul>\n\n<div style=\"font-size: 0px; height: 0px; line-height: 0px; margin: 0; padding: 0; clear: both;\"><\/div>","protected":false},"excerpt":{"rendered":"<p>A Guarda Municipal e Atividade Delegada s\u00e3o essenciais para fortalecer a seguran\u00e7a em Porto Velho.<\/p>\n","protected":false},"author":1,"featured_media":2161,"comment_status":"closed","ping_status":"closed","sticky":false,"template":"","format":"standard","meta":{"footnotes":""},"categories":[35],"tags":[],"class_list":["post-2162","post","type-post","status-publish","format-standard","has-post-thumbnail","hentry","category-delegacias-porto-velho","has_thumb"],"_links":{"self":[{"href":"https:\/\/www.encontraportovelho.com.br\/sobre\/wp-json\/wp\/v2\/posts\/2162","targetHints":{"allow":["GET"]}}],"collection":[{"href":"https:\/\/www.encontraportovelho.com.br\/sobre\/wp-json\/wp\/v2\/posts"}],"about":[{"href":"https:\/\/www.encontraportovelho.com.br\/sobre\/wp-json\/wp\/v2\/types\/post"}],"author":[{"embeddable":true,"href":"https:\/\/www.encontraportovelho.com.br\/sobre\/wp-json\/wp\/v2\/users\/1"}],"replies":[{"embeddable":true,"href":"https:\/\/www.encontraportovelho.com.br\/sobre\/wp-json\/wp\/v2\/comments?post=2162"}],"version-history":[{"count":0,"href":"https:\/\/www.encontraportovelho.com.br\/sobre\/wp-json\/wp\/v2\/posts\/2162\/revisions"}],"wp:featuredmedia":[{"embeddable":true,"href":"https:\/\/www.encontraportovelho.com.br\/sobre\/wp-json\/wp\/v2\/media\/2161"}],"wp:attachment":[{"href":"https:\/\/www.encontraportovelho.com.br\/sobre\/wp-json\/wp\/v2\/media?parent=2162"}],"wp:term":[{"taxonomy":"category","embeddable":true,"href":"https:\/\/www.encontraportovelho.com.br\/sobre\/wp-json\/wp\/v2\/categories?post=2162"},{"taxonomy":"post_tag","embeddable":true,"href":"https:\/\/www.encontraportovelho.com.br\/sobre\/wp-json\/wp\/v2\/tags?post=2162"}],"curies":[{"name":"wp","href":"https:\/\/api.w.org\/{rel}","templated":true}]}}