{"id":2471,"date":"2026-08-31T01:29:25","date_gmt":"2026-08-31T04:29:25","guid":{"rendered":"https:\/\/www.encontraportovelho.com.br\/sobre\/prefeitura-amplia-atendimento-do-cadunico-durante-a-agrotec-com-unidade-movel-na-estrada-de-f\/"},"modified":"2026-08-31T01:29:25","modified_gmt":"2026-08-31T04:29:25","slug":"prefeitura-amplia-atendimento-do-cadunico-durante-a-agrotec-com-unidade-movel-na-estrada-de-f","status":"publish","type":"post","link":"https:\/\/www.encontraportovelho.com.br\/sobre\/prefeitura-amplia-atendimento-do-cadunico-durante-a-agrotec-com-unidade-movel-na-estrada-de-f\/","title":{"rendered":"Prefeitura amplia atendimento do Cad\u00danico durante a Agrotec com Unidade M\u00f3vel na Estrada de F"},"content":{"rendered":"<div class=\"13d057bedbee569bbd7541dee57205a1\" data-index=\"1\" style=\"float: none; margin:0px;\">\n<!-- Anuncio display - global -->\r\n<ins class=\"adsbygoogle\"\r\n     style=\"display:block\"\r\n     data-ad-client=\"ca-pub-8585364105181520\"\r\n     data-ad-slot=\"8789329856\"\r\n     data-ad-format=\"auto\"\r\n     data-full-width-responsive=\"true\"><\/ins>\r\n<script>\r\n     (adsbygoogle = window.adsbygoogle || []).push({});\r\n<\/script>\n<\/div>\n<h2>Unidade M\u00f3vel de Cadastramento: O que \u00e9?<\/h2>\n<p>A Unidade M\u00f3vel de Cadastramento \u00e9 uma inova\u00e7\u00e3o do servi\u00e7o de assist\u00eancia social promovido pela Secretaria Municipal de Inclus\u00e3o e Assist\u00eancia Social (Semias) de Porto Velho, com o objetivo de facilitar o acesso da popula\u00e7\u00e3o ao Cadastro \u00danico. Esta unidade funciona como um ponto de atendimento itinerante, levando servi\u00e7os de cadastramento e atualiza\u00e7\u00e3o diretamente a comunidades que podem ter dificuldades de se deslocar at\u00e9 os pontos fixos de atendimento.<\/p>\n<h2>Como o Cad\u00danico Pode Beneficiar sua Fam\u00edlia?<\/h2>\n<p>O Cadastro \u00danico \u00e9 uma ferramenta essencial que permite \u00e0s fam\u00edlias de baixa renda acesso a programas sociais e benef\u00edcios governamentais. Atrav\u00e9s dele, as fam\u00edlias podem ser inclu\u00eddas em programas como o Bolsa Fam\u00edlia, benef\u00edcios do Programa de Acompanhamento de Renda e outros servi\u00e7os que garantem apoio financeiro e social. A inclus\u00e3o no Cad\u00danico garante n\u00e3o apenas o acesso a recursos, mas tamb\u00e9m \u00e0 possibilidade de participar de iniciativas que promovem a inclus\u00e3o e a melhoria da qualidade de vida.<\/p>\n<h2>A Import\u00e2ncia da Atualiza\u00e7\u00e3o Cadastral<\/h2>\n<p>Manter os dados atualizados no Cad\u00danico \u00e9 fundamental. Isso garante que as informa\u00e7\u00f5es da fam\u00edlia estejam corretas e que os benef\u00edcios recebidos sejam adequados \u00e0 sua real situa\u00e7\u00e3o socioecon\u00f4mica. Atualiza\u00e7\u00f5es podem incluir mudan\u00e7as de endere\u00e7o, composi\u00e7\u00e3o familiar e renda. A falta de atualiza\u00e7\u00e3o pode resultar na suspens\u00e3o de benef\u00edcios, prejudicando quem mais precisa do apoio.<\/p>\n<p><img decoding=\"async\" src=\"https:\/\/www.encontraportovelho.com.br\/sobre\/wp-content\/uploads\/2026\/08\/prefeitura-amplia-atendimento-do-cadunico-durante-a-agrotec-com-unidade-movel-na-estrada-de-f.webp\" alt=\"Cad\u00danico\" loading=\"lazy\" \/><\/p>\n<h2>Servi\u00e7os Oferecidos Durante a Agrotec<\/h2>\n<p>Durante o evento Agrotec, a Semias oferece diversos servi\u00e7os por meio da Unidade M\u00f3vel, incluindo:<\/p>\n<ul>\n<li><strong>Inclus\u00e3o de novas fam\u00edlias:<\/strong> Cadastro de novos benefici\u00e1rios para o Cad\u00danico.<\/li>\n<li><strong>Atualiza\u00e7\u00e3o cadastral:<\/strong> Revis\u00e3o e atualiza\u00e7\u00e3o dos dados cadastrais existentes.<\/li>\n<li><strong>Revis\u00e3o de dados:<\/strong> Verifica\u00e7\u00e3o e corre\u00e7\u00e3o de informa\u00e7\u00f5es j\u00e1 cadastradas.<\/li>\n<li><strong>Inclus\u00e3o e exclus\u00e3o de integrantes:<\/strong> Modifica\u00e7\u00e3o na composi\u00e7\u00e3o familiar dos cadastrados.<\/li>\n<li><strong>Orienta\u00e7\u00f5es sobre benef\u00edcios:<\/strong> Informa\u00e7\u00f5es sobre quais programas sociais est\u00e3o dispon\u00edveis e como acess\u00e1-los.<\/li>\n<\/ul>\n<h2>Como Funciona o Atendimento na Unidade M\u00f3vel?<\/h2>\n<p>O atendimento na Unidade M\u00f3vel \u00e9 realizado por t\u00e9cnicos capacitados que seguem as orienta\u00e7\u00f5es e regulamenta\u00e7\u00f5es estabelecidas pelo Governo Federal. Os cidad\u00e3os podem se dirigir \u00e0 unidade durante a Agrotec, onde receber\u00e3o atendimento pessoal e individualizado, podendo obter informa\u00e7\u00f5es detalhadas sobre como proceder para se cadastrar ou atualizar seus dados no Cad\u00danico.<\/p>\n<h2>O Papel da Semias na Inclus\u00e3o Social<\/h2>\n<p>A participa\u00e7\u00e3o da Semias em eventos como a Agrotec alinha-se com sua miss\u00e3o de promover a inclus\u00e3o social e garantir que todos os cidad\u00e3os tenham acesso a informa\u00e7\u00f5es e servi\u00e7os essenciais. Ao levar o atendimento para locais de grande movimenta\u00e7\u00e3o, a secretaria se prop\u00f5e a atingir uma popula\u00e7\u00e3o mais ampla, principalmente aquelas em situa\u00e7\u00e3o de vulnerabilidade que, de outra forma, n\u00e3o teriam a oportunidade de acessar esses servi\u00e7os.<\/p>\n<h2>Reduzindo Barreiras ao Acesso aos Servi\u00e7os<\/h2>\n<p>Um dos principais desafios enfrentados por muitas fam\u00edlias \u00e9 a dificuldade de acessar os servi\u00e7os p\u00fablicos. A Unidade M\u00f3vel de Cadastramento visa reduzir essas barreiras, levando os servi\u00e7os at\u00e9 a popula\u00e7\u00e3o, facilitando o acesso e proporcionando um atendimento mais pr\u00f3ximo e eficaz. Essa estrat\u00e9gia reflete um esfor\u00e7o cont\u00ednuo das autoridades municipais para tornar as pol\u00edticas p\u00fablicas mais acess\u00edveis.<\/p>\n<h2>Estrat\u00e9gias de Busca Ativa para Inclus\u00e3o<\/h2>\n<p>A busca ativa \u00e9 uma abordagem utilizada pelo Poder P\u00fablico para identificar e alcan\u00e7ar fam\u00edlias que podem estar desassistidas ou que ainda n\u00e3o possuem acesso aos servi\u00e7os do Cadastro \u00danico. Atrav\u00e9s de estrat\u00e9gias de aproxima\u00e7\u00e3o, a Semias pode desenvolver a\u00e7\u00f5es que garantam que essas fam\u00edlias conhe\u00e7am e consigam acessar os benef\u00edcios dispon\u00edveis. Isso \u00e9 especialmente importante em comunidades mais isoladas ou vulner\u00e1veis.<\/p>\n<h2>A Agrotec como Espa\u00e7o de Cidadania<\/h2>\n<p>O evento Agrotec funciona como uma plataforma n\u00e3o apenas de troca de conhecimentos e experi\u00eancias no \u00e2mbito da agricultura e tecnologia, mas tamb\u00e9m como um espa\u00e7o de cidadania. Ao integrar servi\u00e7os como os do Cadastro \u00danico, a prefeitura refor\u00e7a seu compromisso com a promo\u00e7\u00e3o de direitos e o fortalecimento da cidadania, permitindo que as fam\u00edlias conhe\u00e7am seus direitos e tenham a oportunidade de garanti-los.<\/p>\n<h2>Depoimentos de Quem Utilizou o Servi\u00e7o<\/h2>\n<p>Os depoimentos de cidad\u00e3os que j\u00e1 utilizaram a Unidade M\u00f3vel de Cadastramento s\u00e3o fundamentais para evidenciar a import\u00e2ncia desse servi\u00e7o. Muitos relatam que a facilidade de ter acesso ao atendimento pr\u00f3ximo de suas resid\u00eancias e a orienta\u00e7\u00e3o recebida tem feito a diferen\u00e7a em suas vidas. Esse feedback \u00e9 importante para aprimorar os servi\u00e7os e garantir que eles continuem atendendo \u00e0s reais necessidades da popula\u00e7\u00e3o.<\/p>\n\n<div style=\"font-size: 0px; height: 0px; line-height: 0px; margin: 0; padding: 0; clear: both;\"><\/div>","protected":false},"excerpt":{"rendered":"<p>Cad\u00danico expande servi\u00e7os de assist\u00eancia social na Agrotec.<\/p>\n","protected":false},"author":1,"featured_media":2470,"comment_status":"closed","ping_status":"closed","sticky":false,"template":"","format":"standard","meta":{"footnotes":""},"categories":[26],"tags":[],"class_list":["post-2471","post","type-post","status-publish","format-standard","has-post-thumbnail","hentry","category-educacao-em-porto-velho","has_thumb"],"_links":{"self":[{"href":"https:\/\/www.encontraportovelho.com.br\/sobre\/wp-json\/wp\/v2\/posts\/2471","targetHints":{"allow":["GET"]}}],"collection":[{"href":"https:\/\/www.encontraportovelho.com.br\/sobre\/wp-json\/wp\/v2\/posts"}],"about":[{"href":"https:\/\/www.encontraportovelho.com.br\/sobre\/wp-json\/wp\/v2\/types\/post"}],"author":[{"embeddable":true,"href":"https:\/\/www.encontraportovelho.com.br\/sobre\/wp-json\/wp\/v2\/users\/1"}],"replies":[{"embeddable":true,"href":"https:\/\/www.encontraportovelho.com.br\/sobre\/wp-json\/wp\/v2\/comments?post=2471"}],"version-history":[{"count":0,"href":"https:\/\/www.encontraportovelho.com.br\/sobre\/wp-json\/wp\/v2\/posts\/2471\/revisions"}],"wp:featuredmedia":[{"embeddable":true,"href":"https:\/\/www.encontraportovelho.com.br\/sobre\/wp-json\/wp\/v2\/media\/2470"}],"wp:attachment":[{"href":"https:\/\/www.encontraportovelho.com.br\/sobre\/wp-json\/wp\/v2\/media?parent=2471"}],"wp:term":[{"taxonomy":"category","embeddable":true,"href":"https:\/\/www.encontraportovelho.com.br\/sobre\/wp-json\/wp\/v2\/categories?post=2471"},{"taxonomy":"post_tag","embeddable":true,"href":"https:\/\/www.encontraportovelho.com.br\/sobre\/wp-json\/wp\/v2\/tags?post=2471"}],"curies":[{"name":"wp","href":"https:\/\/api.w.org\/{rel}","templated":true}]}}