{"id":2473,"date":"2026-08-31T01:30:22","date_gmt":"2026-08-31T04:30:22","guid":{"rendered":"https:\/\/www.encontraportovelho.com.br\/sobre\/carne-de-jacare-do-cunia-ganha-destaque-na-abertura-da-agrotec\/"},"modified":"2026-08-31T01:30:22","modified_gmt":"2026-08-31T04:30:22","slug":"carne-de-jacare-do-cunia-ganha-destaque-na-abertura-da-agrotec","status":"publish","type":"post","link":"https:\/\/www.encontraportovelho.com.br\/sobre\/carne-de-jacare-do-cunia-ganha-destaque-na-abertura-da-agrotec\/","title":{"rendered":"Carne de jacar\u00e9 do Cuni\u00e3 ganha destaque na abertura da Agrotec"},"content":{"rendered":"<div class=\"13d057bedbee569bbd7541dee57205a1\" data-index=\"1\" style=\"float: none; margin:0px;\">\n<!-- Anuncio display - global -->\r\n<ins class=\"adsbygoogle\"\r\n     style=\"display:block\"\r\n     data-ad-client=\"ca-pub-8585364105181520\"\r\n     data-ad-slot=\"8789329856\"\r\n     data-ad-format=\"auto\"\r\n     data-full-width-responsive=\"true\"><\/ins>\r\n<script>\r\n     (adsbygoogle = window.adsbygoogle || []).push({});\r\n<\/script>\n<\/div>\n<h2>Atra\u00e7\u00f5es da Agrotec 2026<\/h2>\n<p>A cidade de Porto Velho est\u00e1 sendo cen\u00e1rio de um evento de grande porte que se destaca na promo\u00e7\u00e3o do agroneg\u00f3cio. A <strong>Agrotec 2026<\/strong> \u2013 Feira de Tecnologia, Agroneg\u00f3cio e Desenvolvimento Rural \u2013 inicia no dia 26 de agosto e se estende at\u00e9 o dia 30 do mesmo m\u00eas, oferecendo entrada gratuita ao p\u00fablico. Este evento ocorre no Complexo da Estrada de Ferro Madeira-Mamor\u00e9 e promete ser uma \u00f3tima vitrine para as riquezas da regi\u00e3o.<\/p>\n<h2>Gastronomia e Sustentabilidade<\/h2>\n<p>Um dos aspectos mais interessantes da Agrotec \u00e9 a sua conex\u00e3o com a gastronomia local. O foco est\u00e1 na valoriza\u00e7\u00e3o n\u00e3o apenas da culin\u00e1ria tradicional, mas tamb\u00e9m na produ\u00e7\u00e3o sustent\u00e1vel. Um exemplo disso \u00e9 a inclus\u00e3o da <strong>carne de jacar\u00e9 do Cuni\u00e3<\/strong>, que \u00e9 resultado de um manejo sustent\u00e1vel e respons\u00e1vel. Esse manejo visa criar um equil\u00edbrio ambiental, al\u00e9m de gerar renda e empregos para as comunidades que vivem da explora\u00e7\u00e3o dos recursos naturais da regi\u00e3o.<\/p>\n<h2>Manejo Sustent\u00e1vel de Jacar\u00e9s<\/h2>\n<p>A produ\u00e7\u00e3o da carne de jacar\u00e9 do Cuni\u00e3 \u00e9 uma atividade regulamentada que assegura o uso sustent\u00e1vel deste recurso. O manejo \u00e9 realizado com pr\u00e1ticas que respeitam o habitat natural dos jacar\u00e9s, ajudando a controlar a popula\u00e7\u00e3o e mantendo a biodiversidade local. Essa abordagem n\u00e3o s\u00f3 refor\u00e7a a import\u00e2ncia da conserva\u00e7\u00e3o ambiental, mas tamb\u00e9m fortalece as economias locais.<\/p>\n<p><img decoding=\"async\" src=\"https:\/\/www.encontraportovelho.com.br\/sobre\/wp-content\/uploads\/2026\/08\/carne-de-jacare-do-cunia-ganha-destaque-na-abertura-da-agrotec.webp\" alt=\"carne de jacar\u00e9 do Cuni\u00e3\" loading=\"lazy\" \/><\/p>\n<h2>Oportunidades na Agricultura Familiar<\/h2>\n<p>A Agrotec 2026 tamb\u00e9m \u00e9 uma plataforma crucial para a agricultura familiar, oferecendo uma variedade de oportunidades para pequenos produtores. A feira ir\u00e1 apresentar t\u00e9cnicas e inova\u00e7\u00f5es que podem ser ben\u00e9ficas para as comunidades rurais, que frequentemente enfrentam desafios em rela\u00e7\u00e3o \u00e0 sustentabilidade e ao acesso ao mercado.<\/p>\n<h2>Festival do Tambaqui<\/h2>\n<p>Outro destaque no evento ser\u00e1 o <strong>Festival do Tambaqui<\/strong>, que buscar\u00e1 celebrar um dos peixes mais emblem\u00e1ticos da regi\u00e3o amaz\u00f4nica. Al\u00e9m de proporcionar um espa\u00e7o de valoriza\u00e7\u00e3o da gastronomia local, o festival tamb\u00e9m fortalece o conhecimento sobre a import\u00e2ncia dessa esp\u00e9cie para o ecossistema e para a cultura local.<\/p>\n<h2>Conex\u00e3o entre Produtores e Consumidores<\/h2>\n<p>Durante a Agrotec, haver\u00e1 uma intensa intera\u00e7\u00e3o entre produtores e consumidores. Os visitantes poder\u00e3o conhecer mais sobre as pr\u00e1ticas agr\u00edcolas da regi\u00e3o, experimentar os produtos locais e firmar novas parcerias comerciais. \u00c9 uma excelente chance para os agricultores expandirem seus neg\u00f3cios, acessando novos mercados e potenciais clientes interessados em produtos sustent\u00e1veis e de qualidade.<\/p>\n<h2>Espa\u00e7o Sabor e Aroma<\/h2>\n<p>Um dos locais que promete atrair a curiosidade dos visitantes \u00e9 o <strong>Espa\u00e7o Sabor e Aroma<\/strong>, que ser\u00e1 uma \u00e1rea exclusiva destinada ao caf\u00e9. Este espa\u00e7o permitir\u00e1 que os visitantes degustem diferentes variedades de caf\u00e9 produzidos na regi\u00e3o, aprendendo sobre os m\u00e9todos de cultivo e os processos de produ\u00e7\u00e3o que evidenciam a riqueza dos produtos locais.<\/p>\n<h2>Eventos Culturais na Feira<\/h2>\n<p>A Agrotec 2026 n\u00e3o se limita apenas \u00e0exposi\u00e7\u00e3o de produtos e t\u00e9cnicas agr\u00edcolas. O evento conta com uma intensa programa\u00e7\u00e3o cultural, incluindo apresenta\u00e7\u00f5es art\u00edsticas, dan\u00e7as t\u00edpicas e mostras de artesanato local. Essas atividades visam celebrar e preservar a cultura da regi\u00e3o, promovendo a intera\u00e7\u00e3o social e fortalecendo os la\u00e7os comunit\u00e1rios.<\/p>\n<h2>Import\u00e2ncia do Controle Populacional<\/h2>\n<p>O manejo sustent\u00e1vel de jacar\u00e9s, mencionado anteriormente, exemplifica uma abordagem essencial para o controle populacional de esp\u00e9cies. Essa pr\u00e1tica n\u00e3o \u00e9 apenas uma forma de garantir a sustentabilidade das popula\u00e7\u00f5es selvagens, mas tamb\u00e9m \u00e9 crucial para a manuten\u00e7\u00e3o do equil\u00edbrio ecol\u00f3gico da regi\u00e3o. Ao regular a popula\u00e7\u00e3o de jacar\u00e9s, os impactos negativos sobre o ecossistema s\u00e3o minimizados, assegurando a preserva\u00e7\u00e3o da biodiversidade local.<\/p>\n<h2>Crescimento e Desenvolvimento da Regi\u00e3o<\/h2>\n<p>A Agrotec 2026 \u00e9 uma oportunidade n\u00e3o s\u00f3 para exibir os produtos do agroneg\u00f3cio, mas tamb\u00e9m para fomentar o desenvolvimento econ\u00f4mico e social da regi\u00e3o. O secret\u00e1rio municipal de Agricultura, Pecu\u00e1ria e Abastecimento, Douglas Bener, ressalta que este evento \u00e9 um passo importante para aproximar os produtores de novas tecnologias e pr\u00e1ticas que podem contribuir para o crescimento do setor. Com as iniciativas apresentadas durante a feira, espera-se que haja um impacto positivo significativo na comunidade.<\/p>\n\n<div style=\"font-size: 0px; height: 0px; line-height: 0px; margin: 0; padding: 0; clear: both;\"><\/div>","protected":false},"excerpt":{"rendered":"<p>A carne de jacar\u00e9 do Cuni\u00e3 se destaca no evento Agrotec 2026!<\/p>\n","protected":false},"author":1,"featured_media":2472,"comment_status":"closed","ping_status":"closed","sticky":false,"template":"","format":"standard","meta":{"footnotes":""},"categories":[25],"tags":[],"class_list":["post-2473","post","type-post","status-publish","format-standard","has-post-thumbnail","hentry","category-cultura-em-porto-velho","has_thumb"],"_links":{"self":[{"href":"https:\/\/www.encontraportovelho.com.br\/sobre\/wp-json\/wp\/v2\/posts\/2473","targetHints":{"allow":["GET"]}}],"collection":[{"href":"https:\/\/www.encontraportovelho.com.br\/sobre\/wp-json\/wp\/v2\/posts"}],"about":[{"href":"https:\/\/www.encontraportovelho.com.br\/sobre\/wp-json\/wp\/v2\/types\/post"}],"author":[{"embeddable":true,"href":"https:\/\/www.encontraportovelho.com.br\/sobre\/wp-json\/wp\/v2\/users\/1"}],"replies":[{"embeddable":true,"href":"https:\/\/www.encontraportovelho.com.br\/sobre\/wp-json\/wp\/v2\/comments?post=2473"}],"version-history":[{"count":0,"href":"https:\/\/www.encontraportovelho.com.br\/sobre\/wp-json\/wp\/v2\/posts\/2473\/revisions"}],"wp:featuredmedia":[{"embeddable":true,"href":"https:\/\/www.encontraportovelho.com.br\/sobre\/wp-json\/wp\/v2\/media\/2472"}],"wp:attachment":[{"href":"https:\/\/www.encontraportovelho.com.br\/sobre\/wp-json\/wp\/v2\/media?parent=2473"}],"wp:term":[{"taxonomy":"category","embeddable":true,"href":"https:\/\/www.encontraportovelho.com.br\/sobre\/wp-json\/wp\/v2\/categories?post=2473"},{"taxonomy":"post_tag","embeddable":true,"href":"https:\/\/www.encontraportovelho.com.br\/sobre\/wp-json\/wp\/v2\/tags?post=2473"}],"curies":[{"name":"wp","href":"https:\/\/api.w.org\/{rel}","templated":true}]}}