{"id":2485,"date":"2026-09-02T01:30:26","date_gmt":"2026-09-02T04:30:26","guid":{"rendered":"https:\/\/www.encontraportovelho.com.br\/sobre\/prefeitura-leva-conscientizacao-cuidado-e-servicos-a-comunidade-novo-engenho-velho\/"},"modified":"2026-09-02T01:30:26","modified_gmt":"2026-09-02T04:30:26","slug":"prefeitura-leva-conscientizacao-cuidado-e-servicos-a-comunidade-novo-engenho-velho","status":"publish","type":"post","link":"https:\/\/www.encontraportovelho.com.br\/sobre\/prefeitura-leva-conscientizacao-cuidado-e-servicos-a-comunidade-novo-engenho-velho\/","title":{"rendered":"Prefeitura leva conscientiza\u00e7\u00e3o, cuidado e servi\u00e7os \u00e0 comunidade Novo Engenho Velho"},"content":{"rendered":"<div class=\"13d057bedbee569bbd7541dee57205a1\" data-index=\"1\" style=\"float: none; margin:0px;\">\n<!-- Anuncio display - global -->\r\n<ins class=\"adsbygoogle\"\r\n     style=\"display:block\"\r\n     data-ad-client=\"ca-pub-8585364105181520\"\r\n     data-ad-slot=\"8789329856\"\r\n     data-ad-format=\"auto\"\r\n     data-full-width-responsive=\"true\"><\/ins>\r\n<script>\r\n     (adsbygoogle = window.adsbygoogle || []).push({});\r\n<\/script>\n<\/div>\n<h2>O Impacto da A\u00e7\u00e3o \u2018MacDia Feliz\u2019 na Comunidade<\/h2>\n<p>No dia 22 de agosto, a comunidade de Novo Engenho Velho viveu um momento especial com a realiza\u00e7\u00e3o do evento &#8220;MacDia Feliz&#8221;, organizado pelo Hospital de Amor de Porto Velho em parceria com o McDonald&#8217;s. O evento ocorreu na EMEF Engenho do Madeira e teve como foco principal a conscientiza\u00e7\u00e3o sobre o c\u00e2ncer infantojuvenil, promovendo atividades informativas e socioassistenciais. A iniciativa proporcionou n\u00e3o apenas a conscientiza\u00e7\u00e3o sobre a sa\u00fade, mas tamb\u00e9m um sentimento de pertencimento e uni\u00e3o entre os moradores.<\/p>\n<h2>Servi\u00e7os Socioassistenciais: O Que Est\u00e3o Oferecendo?<\/h2>\n<p>Durante o evento, a Secretaria Municipal de Inclus\u00e3o e Assist\u00eancia Social (Semias) ofereceu diversos servi\u00e7os essenciais \u00e0 comunidade. Dentre os principais servi\u00e7os disponibilizados estavam:<\/p>\n<ul>\n<li>Cadastramento e atualiza\u00e7\u00e3o do Cadastro \u00danico.<\/li>\n<li>Emiss\u00e3o da Carteira da Pessoa com Defici\u00eancia (PCD).<\/li>\n<li>Emiss\u00e3o da Carteira da Pessoa Idosa.<\/li>\n<li>Emiss\u00e3o da Carteira do Autismo.<\/li>\n<\/ul>\n<p>Esses servi\u00e7os t\u00eam fundamental import\u00e2ncia para facilitar o acesso a benef\u00edcios sociais e garantir a inclus\u00e3o de indiv\u00edduos com necessidades especiais. Isso representa uma oportunidade de assegurar direitos que, muitas vezes, s\u00e3o dif\u00edceis de acessar para quem reside em \u00e1reas mais isoladas.<\/p>\n<p><img decoding=\"async\" src=\"https:\/\/www.encontraportovelho.com.br\/sobre\/wp-content\/uploads\/2026\/09\/prefeitura-leva-conscientizacao-cuidado-e-servicos-a-comunidade-novo-engenho-velho.webp\" alt=\"Prefeitura Novo Engenho Velho\" loading=\"lazy\" \/><\/p>\n<h2>Como a Conscientiza\u00e7\u00e3o Previne Doen\u00e7as?<\/h2>\n<p>A conscientiza\u00e7\u00e3o sobre a sa\u00fade \u00e9 uma ferramenta vital na preven\u00e7\u00e3o de doen\u00e7as. O evento &#8220;MacDia Feliz&#8221; focou na import\u00e2ncia de se identificar os sinais e sintomas do c\u00e2ncer infantojuvenil, enfatizando a necessidade de um diagn\u00f3stico precoce. Estrat\u00e9gias de conscientiza\u00e7\u00e3o, como palestras e distribui\u00e7\u00e3o de materiais informativos, ajudam a educar a popula\u00e7\u00e3o sobre a relev\u00e2ncia de reconhecer esses sinais em uma fase inicial, permitindo um tratamento mais eficaz e aumentando as chances de recupera\u00e7\u00e3o.<\/p>\n<h2>Import\u00e2ncia do Diagn\u00f3stico Precoce do C\u00e2ncer Infantojuvenil<\/h2>\n<p>O diagn\u00f3stico precoce \u00e9 crucial na luta contra o c\u00e2ncer infantojuvenil. A a\u00e7\u00e3o did\u00e1tica realizada durante o evento destacou que, quanto mais r\u00e1pido uma condi\u00e7\u00e3o de sa\u00fade for detectada, maiores ser\u00e3o as chances de um tratamento bem-sucedido. M\u00e9dicos e especialistas presentes no evento refor\u00e7aram que a detec\u00e7\u00e3o precoce pode reduzir a mortalidade e melhorar a qualidade de vida das crian\u00e7as diagnosticadas. Para muitos pais, essa informa\u00e7\u00e3o \u00e9 um alicerce que pode mudar o curso da sa\u00fade do filho.<\/p>\n<h2>Inclus\u00e3o Social: Cart\u00f5es e Benef\u00edcios Dispon\u00edveis<\/h2>\n<p>A inclus\u00e3o social \u00e9 um pilar fundamental da a\u00e7\u00e3o. Por meio da emiss\u00e3o de diversos cart\u00f5es de identifica\u00e7\u00e3o, como a Carteira da Pessoa Idosa e a Carteira da Pessoa com Defici\u00eancia (PCD), o programa proporciona n\u00e3o apenas reconhecimento, mas tamb\u00e9m acesso a benef\u00edcios essenciais. Estes cart\u00f5es s\u00e3o passaportes para uma s\u00e9rie de direitos que garantem dignidade e suporte assistencial aos cidad\u00e3os. A presen\u00e7a da Semias no evento foi essencial, j\u00e1 que promoveu a distribui\u00e7\u00e3o desses documentos, facilitando o acesso dos moradores a servi\u00e7os crucialmente necess\u00e1rios.<\/p>\n<h2>A Participa\u00e7\u00e3o da Comunidade no Evento<\/h2>\n<p>O evento foi marcado pela significativa participa\u00e7\u00e3o da comunidade local, que se uniu em um esp\u00edrito de coopera\u00e7\u00e3o e solidariedade. Jos\u00e9 da Silva Monteiro, de 63 anos, \u00e9 exemplo de como as a\u00e7\u00f5es da Semias impactam diretamente as vidas das pessoas. Ele compartilhou sua experi\u00eancia ao conseguir a Carteira da Pessoa Idosa sem precisar sair da sua comunidade. Esse tipo de participa\u00e7\u00e3o ativa demonstra o quanto eventos como o &#8220;MacDia Feliz&#8221; s\u00e3o necess\u00e1rios e bem-vindos.<\/p>\n<h2>Parcerias que Fazem a Diferen\u00e7a<\/h2>\n<p>A uni\u00e3o de esfor\u00e7os entre institui\u00e7\u00f5es \u00e9 vital para o sucesso de a\u00e7\u00f5es sociais. O papel do Hospital de Amor, do McDonald&#8217;s e da Semias foram indispens\u00e1veis para a realiza\u00e7\u00e3o dessa campanha. Essas parcerias oferecem n\u00e3o apenas servi\u00e7os, mas tamb\u00e9m uma gama de recursos que tornam o evento mais acess\u00edvel e abrangente. A colabora\u00e7\u00e3o entre o setor p\u00fablico e iniciativas privadas \u00e9 um modelo a ser seguido, mostrando que juntos podem fazer a diferen\u00e7a em prol da sa\u00fade e bem-estar da comunidade.<\/p>\n<h2>Relatos de Beneficiados pelas A\u00e7\u00f5es<\/h2>\n<p>Os benef\u00edcios da a\u00e7\u00e3o foram evidentes nas testemunhas de participantes que, como Jos\u00e9, sentiram o impacto positivo da iniciativa em suas vidas. Outros relatos mencionaram a import\u00e2ncia do atendimento claro e acess\u00edvel, e o quanto \u00e9 reconfortante ver a administra\u00e7\u00e3o p\u00fablica se empenhando em levar servi\u00e7os essenciais at\u00e9 onde as pessoas realmente precisam. Este retorno da popula\u00e7\u00e3o \u00e9 um indicativo de que as a\u00e7\u00f5es est\u00e3o no caminho certo, promovendo a melhoria da qualidade de vida de todos.<\/p>\n<h2>O Papel da Semias na Promo\u00e7\u00e3o de Sa\u00fade<\/h2>\n<p>A Secretaria Municipal de Inclus\u00e3o e Assist\u00eancia Social (Semias) desempenha um papel fundamental na promo\u00e7\u00e3o da sa\u00fade e inclus\u00e3o social em Porto Velho. A sua atua\u00e7\u00e3o em eventos como o &#8220;MacDia Feliz&#8221; mostra o compromisso da prefeitura com pol\u00edticas que buscam integrar e fortalecer a assist\u00eancia social, especialmente em \u00e1reas carentes. Al\u00e9m de fornecer servi\u00e7os, a Semias tamb\u00e9m tem como objetivo educar e conscientizar a popula\u00e7\u00e3o sobre direitos e sa\u00fade, criando um ciclo virtuoso de informa\u00e7\u00e3o e apoio.<\/p>\n<h2>Futuras A\u00e7\u00f5es e Compromissos da Prefeitura<\/h2>\n<p>A continuidade dessas a\u00e7\u00f5es \u00e9 crucial. O comprometimento da prefeitura em levar servi\u00e7os e informa\u00e7\u00f5es at\u00e9 as comunidades mais distantes \u00e9 um passo importante para garantir cidadania na pr\u00e1tica. O prefeito L\u00e9o Moraes, durante sua participa\u00e7\u00e3o no evento, enfatizou a import\u00e2ncia de aproximar os servi\u00e7os p\u00fablicos da popula\u00e7\u00e3o. Este tipo de engajamento garante que todos tenham um acesso adequado aos seus direitos e contribui para o fortalecimento da cidadania e da qualidade de vida no munic\u00edpio.<\/p>\n<p>Com o lema &#8220;Cuidar tamb\u00e9m \u00e9 informar. Juntos pela vida!&#8221;, a a\u00e7\u00e3o &#8220;MacDia Feliz&#8221; n\u00e3o s\u00f3 proporcionou uma manh\u00e3 de atendimento e inclus\u00e3o, mas tamb\u00e9m semeou esperan\u00e7a e solidariedade na comunidade de Novo Engenho Velho, fortalecendo v\u00ednculos e ressaltando a import\u00e2ncia do cuidado com a sa\u00fade e o bem-estar de todos os cidad\u00e3os.<\/p>\n<p>Siga o canal oficial no WhatsApp e receba atualiza\u00e7\u00f5es sobre a\u00e7\u00f5es futuras: <a href=\"https:\/\/whatsapp.com\/channel\/0029VbCaSTO5q08TB4mYNM0o\">Clique aqui<\/a> para se conectar e ficar por dentro das novidades diretamente no seu celular.<\/p>\n\n<div style=\"font-size: 0px; height: 0px; line-height: 0px; margin: 0; padding: 0; clear: both;\"><\/div>","protected":false},"excerpt":{"rendered":"<p>A Prefeitura leva conscientiza\u00e7\u00e3o e servi\u00e7os essenciais \u00e0 comunidade Novo Engenho Velho.<\/p>\n","protected":false},"author":1,"featured_media":2484,"comment_status":"closed","ping_status":"closed","sticky":false,"template":"","format":"standard","meta":{"footnotes":""},"categories":[6],"tags":[],"class_list":["post-2485","post","type-post","status-publish","format-standard","has-post-thumbnail","hentry","category-noticias-em-porto-velho","has_thumb"],"_links":{"self":[{"href":"https:\/\/www.encontraportovelho.com.br\/sobre\/wp-json\/wp\/v2\/posts\/2485","targetHints":{"allow":["GET"]}}],"collection":[{"href":"https:\/\/www.encontraportovelho.com.br\/sobre\/wp-json\/wp\/v2\/posts"}],"about":[{"href":"https:\/\/www.encontraportovelho.com.br\/sobre\/wp-json\/wp\/v2\/types\/post"}],"author":[{"embeddable":true,"href":"https:\/\/www.encontraportovelho.com.br\/sobre\/wp-json\/wp\/v2\/users\/1"}],"replies":[{"embeddable":true,"href":"https:\/\/www.encontraportovelho.com.br\/sobre\/wp-json\/wp\/v2\/comments?post=2485"}],"version-history":[{"count":0,"href":"https:\/\/www.encontraportovelho.com.br\/sobre\/wp-json\/wp\/v2\/posts\/2485\/revisions"}],"wp:featuredmedia":[{"embeddable":true,"href":"https:\/\/www.encontraportovelho.com.br\/sobre\/wp-json\/wp\/v2\/media\/2484"}],"wp:attachment":[{"href":"https:\/\/www.encontraportovelho.com.br\/sobre\/wp-json\/wp\/v2\/media?parent=2485"}],"wp:term":[{"taxonomy":"category","embeddable":true,"href":"https:\/\/www.encontraportovelho.com.br\/sobre\/wp-json\/wp\/v2\/categories?post=2485"},{"taxonomy":"post_tag","embeddable":true,"href":"https:\/\/www.encontraportovelho.com.br\/sobre\/wp-json\/wp\/v2\/tags?post=2485"}],"curies":[{"name":"wp","href":"https:\/\/api.w.org\/{rel}","templated":true}]}}