{"id":2491,"date":"2026-09-03T01:30:31","date_gmt":"2026-09-03T04:30:31","guid":{"rendered":"https:\/\/www.encontraportovelho.com.br\/sobre\/porto-velho-abre-oficialmente-mes-de-comemoracao-pelos-112-anos-da-capital\/"},"modified":"2026-09-03T01:30:31","modified_gmt":"2026-09-03T04:30:31","slug":"porto-velho-abre-oficialmente-mes-de-comemoracao-pelos-112-anos-da-capital","status":"publish","type":"post","link":"https:\/\/www.encontraportovelho.com.br\/sobre\/porto-velho-abre-oficialmente-mes-de-comemoracao-pelos-112-anos-da-capital\/","title":{"rendered":"Porto Velho abre oficialmente m\u00eas de comemora\u00e7\u00e3o pelos 112 anos da capital"},"content":{"rendered":"<div class=\"13d057bedbee569bbd7541dee57205a1\" data-index=\"1\" style=\"float: none; margin:0px;\">\n<!-- Anuncio display - global -->\r\n<ins class=\"adsbygoogle\"\r\n     style=\"display:block\"\r\n     data-ad-client=\"ca-pub-8585364105181520\"\r\n     data-ad-slot=\"8789329856\"\r\n     data-ad-format=\"auto\"\r\n     data-full-width-responsive=\"true\"><\/ins>\r\n<script>\r\n     (adsbygoogle = window.adsbygoogle || []).push({});\r\n<\/script>\n<\/div>\n<h2>Programa\u00e7\u00e3o de Anivers\u00e1rio<\/h2>\n<p>O m\u00eas de setembro foi inaugurado com uma vasta programa\u00e7\u00e3o para celebrar os 112 anos de Porto Velho. A iniciativa foi anunciada em uma coletiva de imprensa, onde o prefeito L\u00e9o Moraes destacou a diversidade de eventos planejados para festivamente marcar essa data significativa. As atividades est\u00e3o programadas para acontecerem ao longo do m\u00eas de setembro e incluem v\u00e1rias obras e servi\u00e7os que buscam engajar a popula\u00e7\u00e3o de maneira ativa.<\/p>\n<h2>Inaugura\u00e7\u00e3o da Semias<\/h2>\n<p>Um dos pontos altos da programa\u00e7\u00e3o \u00e9 a inaugura\u00e7\u00e3o da nova sede da Secretaria Municipal de Assist\u00eancia Social (Semias). Esta nova estrutura visa proporcionar melhor atendimento e desenvolvimento de iniciativas sociais para a comunidade. A nova sede tamb\u00e9m \u00e9 uma demonstra\u00e7\u00e3o do compromisso da gest\u00e3o municipal em melhorar os servi\u00e7os de assist\u00eancia social dispon\u00edveis para os cidad\u00e3os de Porto Velho, contribuindo assim para um suporte mais efetivo \u00e0s fam\u00edlias da cidade.<\/p>\n<h2>Reformas de Pra\u00e7as<\/h2>\n<p>A revitaliza\u00e7\u00e3o de pra\u00e7as em diferentes localidades da capital tamb\u00e9m faz parte do cronograma festivo. As reformas visam n\u00e3o apenas embelezar os espa\u00e7os p\u00fablicos, mas tamb\u00e9m garantir \u00e1reas de conviv\u00eancia mais agrad\u00e1veis e seguras para todos os cidad\u00e3os. Espa\u00e7os de lazer bem-cuidados s\u00e3o essenciais para promover a socializa\u00e7\u00e3o e qualidade de vida, e essa iniciativa reflete a busca pela melhoria urbana e pela valoriza\u00e7\u00e3o do patrim\u00f4nio p\u00fablico.<\/p>\n<p><img decoding=\"async\" src=\"https:\/\/www.encontraportovelho.com.br\/sobre\/wp-content\/uploads\/2026\/09\/porto-velho-abre-oficialmente-mes-de-comemoracao-pelos-112-anos-da-capital.webp\" alt=\"Porto Velho 112 anos\" loading=\"lazy\" \/><\/p>\n<h2>Feir\u00e3o de Empregos<\/h2>\n<p>Outro evento significativo no m\u00eas de celebra\u00e7\u00e3o ser\u00e1 o feir\u00e3o de empregos. Esta a\u00e7\u00e3o tem como objetivo facilitar o acesso ao mercado de trabalho para a popula\u00e7\u00e3o local, oferecendo oportunidades de emprego em parceria com empresas da regi\u00e3o. Atrav\u00e9s deste feir\u00e3o, os moradores poder\u00e3o interagir diretamente com empregadores e buscar novas perspectivas profissionais de forma pr\u00e1tica e acess\u00edvel.<\/p>\n<h2>Novas Estruturas de Ensino<\/h2>\n<p>A educa\u00e7\u00e3o tamb\u00e9m ser\u00e1 uma prioridade durante o m\u00eas comemorativo, com a entrega de novas estruturas de ensino. Esse investimento em educa\u00e7\u00e3o reflete a import\u00e2ncia de oferecer melhores condi\u00e7\u00f5es para a forma\u00e7\u00e3o das futuras gera\u00e7\u00f5es. As novas escolas ou reformas nas existentes proporcionar\u00e3o ambientes mais adequados para o aprendizado, reafirmando o compromisso da administra\u00e7\u00e3o em promover um ensino de qualidade.<\/p>\n<h2>Shows e Apresenta\u00e7\u00f5es Culturais<\/h2>\n<p>Como parte do calend\u00e1rio festivo, haver\u00e1 uma s\u00e9rie de shows e apresenta\u00e7\u00f5es culturais, que prometem animar a popula\u00e7\u00e3o durante o m\u00eas de setembro. Essas atividades n\u00e3o apenas celebrar\u00e3o a hist\u00f3ria e a cultura de Porto Velho, mas tamb\u00e9m promover\u00e3o a valoriza\u00e7\u00e3o dos artistas locais. O incentivo \u00e0 cultura \u00e9 essencial para fortalecer a identidade da cidade e para proporcionar momentos de lazer e entretenimento a todos os cidad\u00e3os.<\/p>\n<h2>Desfile C\u00edvico<\/h2>\n<p>O desfile c\u00edvico ser\u00e1 outro momento importante nas comemora\u00e7\u00f5es. Este evento tradicional ir\u00e1 reunir diversas institui\u00e7\u00f5es da cidade, escolas e grupos culturais, demonstrando o orgulho e a diversidade que comp\u00f5em a capital. O desfile servir\u00e1 como um espa\u00e7o para manifesta\u00e7\u00f5es culturais e sociais, promovendo o engajamento e a participa\u00e7\u00e3o da comunidade em um evento que destaca a uni\u00e3o e a cidadania.<\/p>\n<h2>Entrega de Ambul\u00e2ncias<\/h2>\n<p>Durante o anivers\u00e1rio da cidade, tamb\u00e9m haver\u00e1 a entrega de novas ambul\u00e2ncias. Este investimento na sa\u00fade p\u00fablica \u00e9 fundamental para garantir um atendimento mais eficaz e \u00e1gil \u00e0s emerg\u00eancias m\u00e9dicas. A disponibilidade de ve\u00edculos adequados para o transporte de pacientes \u00e9 crucial para salvar vidas e melhorar o sistema de sa\u00fade local, reafirmando o compromisso da gest\u00e3o com a sa\u00fade da popula\u00e7\u00e3o.<\/p>\n<h2>A\u00e7\u00e3o Comunit\u00e1ria<\/h2>\n<p>Al\u00e9m das iniciativas j\u00e1 mencionadas, a\u00e7\u00f5es comunit\u00e1rias ser\u00e3o realizadas ao longo do m\u00eas, incentivando a solidariedade e a coopera\u00e7\u00e3o entre os cidad\u00e3os. Essas a\u00e7\u00f5es t\u00eam como foco o apoio a causas sociais e a promo\u00e7\u00e3o de um ambiente de colabora\u00e7\u00e3o dentro da comunidade. A participa\u00e7\u00e3o ativa dos cidad\u00e3os em projetos sociais \u00e9 fundamental para fortalecer os la\u00e7os comunit\u00e1rios e melhorar a qualidade de vida em Porto Velho.<\/p>\n<h2>Convidando a Popula\u00e7\u00e3o<\/h2>\n<p>A Prefeitura de Porto Velho convida todos os cidad\u00e3os a se juntarem \u00e0s comemora\u00e7\u00f5es dos 112 anos da capital. A participa\u00e7\u00e3o da popula\u00e7\u00e3o \u00e9 essencial para o sucesso dos eventos e para que todos possam celebrar juntos essa data t\u00e3o especial. A programa\u00e7\u00e3o ser\u00e1 amplamente divulgada, com detalhes sobre as datas e hor\u00e1rios das atividades, garantindo que ningu\u00e9m fique de fora das celebra\u00e7\u00f5es e das oportunidades que surgem ao longo do m\u00eas.<\/p>\n\n<div style=\"font-size: 0px; height: 0px; line-height: 0px; margin: 0; padding: 0; clear: both;\"><\/div>","protected":false},"excerpt":{"rendered":"<p>Porto Velho celebra 112 anos com uma programa\u00e7\u00e3o especial e eventos incr\u00edveis!<\/p>\n","protected":false},"author":1,"featured_media":2490,"comment_status":"closed","ping_status":"closed","sticky":false,"template":"","format":"standard","meta":{"footnotes":""},"categories":[25],"tags":[],"class_list":["post-2491","post","type-post","status-publish","format-standard","has-post-thumbnail","hentry","category-cultura-em-porto-velho","has_thumb"],"_links":{"self":[{"href":"https:\/\/www.encontraportovelho.com.br\/sobre\/wp-json\/wp\/v2\/posts\/2491","targetHints":{"allow":["GET"]}}],"collection":[{"href":"https:\/\/www.encontraportovelho.com.br\/sobre\/wp-json\/wp\/v2\/posts"}],"about":[{"href":"https:\/\/www.encontraportovelho.com.br\/sobre\/wp-json\/wp\/v2\/types\/post"}],"author":[{"embeddable":true,"href":"https:\/\/www.encontraportovelho.com.br\/sobre\/wp-json\/wp\/v2\/users\/1"}],"replies":[{"embeddable":true,"href":"https:\/\/www.encontraportovelho.com.br\/sobre\/wp-json\/wp\/v2\/comments?post=2491"}],"version-history":[{"count":0,"href":"https:\/\/www.encontraportovelho.com.br\/sobre\/wp-json\/wp\/v2\/posts\/2491\/revisions"}],"wp:featuredmedia":[{"embeddable":true,"href":"https:\/\/www.encontraportovelho.com.br\/sobre\/wp-json\/wp\/v2\/media\/2490"}],"wp:attachment":[{"href":"https:\/\/www.encontraportovelho.com.br\/sobre\/wp-json\/wp\/v2\/media?parent=2491"}],"wp:term":[{"taxonomy":"category","embeddable":true,"href":"https:\/\/www.encontraportovelho.com.br\/sobre\/wp-json\/wp\/v2\/categories?post=2491"},{"taxonomy":"post_tag","embeddable":true,"href":"https:\/\/www.encontraportovelho.com.br\/sobre\/wp-json\/wp\/v2\/tags?post=2491"}],"curies":[{"name":"wp","href":"https:\/\/api.w.org\/{rel}","templated":true}]}}