{"id":2497,"date":"2026-09-04T01:30:40","date_gmt":"2026-09-04T04:30:40","guid":{"rendered":"https:\/\/www.encontraportovelho.com.br\/sobre\/estudantes-dao-inicio-as-celebracoes-da-semana-da-patria\/"},"modified":"2026-09-04T01:30:40","modified_gmt":"2026-09-04T04:30:40","slug":"estudantes-dao-inicio-as-celebracoes-da-semana-da-patria","status":"publish","type":"post","link":"https:\/\/www.encontraportovelho.com.br\/sobre\/estudantes-dao-inicio-as-celebracoes-da-semana-da-patria\/","title":{"rendered":"Estudantes d\u00e3o in\u00edcio \u00e0s celebra\u00e7\u00f5es da Semana da P\u00e1tria &#8230;"},"content":{"rendered":"<div class=\"13d057bedbee569bbd7541dee57205a1\" data-index=\"1\" style=\"float: none; margin:0px;\">\n<!-- Anuncio display - global -->\r\n<ins class=\"adsbygoogle\"\r\n     style=\"display:block\"\r\n     data-ad-client=\"ca-pub-8585364105181520\"\r\n     data-ad-slot=\"8789329856\"\r\n     data-ad-format=\"auto\"\r\n     data-full-width-responsive=\"true\"><\/ins>\r\n<script>\r\n     (adsbygoogle = window.adsbygoogle || []).push({});\r\n<\/script>\n<\/div>\n<h2>Participa\u00e7\u00e3o da Comunidade Escolar<\/h2>\n<p>Em Porto Velho, a <strong>Semana da P\u00e1tria<\/strong> teve in\u00edcio com um desfile c\u00edvico que contou com a participa\u00e7\u00e3o entusiasmada de mais de 500 estudantes. O evento, realizado no dia 1\u00ba de setembro, foi uma iniciativa do <strong>Prefeitura de Porto Velho<\/strong> por meio da <strong>Secretaria Municipal de Educa\u00e7\u00e3o (Semed)<\/strong>. Crian\u00e7as e adolescentes, junto de suas fam\u00edlias e profissionais da educa\u00e7\u00e3o, se uniram para celebrar essa data significativa, marcando a import\u00e2ncia do civismo na forma\u00e7\u00e3o dos jovens.<\/p>\n<h2>Experi\u00eancia \u00danica para os Estudantes<\/h2>\n<p>Durante o desfile intitulado \u201cMarchando pela Educa\u00e7\u00e3o\u201d, muitos alunos vivenciaram um momento inesquec\u00edvel. A estudante Darlene Carvalho, de 16 anos, expressou seu orgulho ao participar do evento, afirmando: &#8220;Desfilei representando a minha escola e fiquei muito feliz de participar&#8221;. Essa oportunidade n\u00e3o s\u00f3 promoveu a conex\u00e3o com a escola, mas tamb\u00e9m instigou o sentimento de perten\u00e7a e cidadania entre os jovens.<\/p>\n<h2>Significado do Desfile C\u00edvico<\/h2>\n<p>O desfile c\u00edvico n\u00e3o \u00e9 apenas uma comemora\u00e7\u00e3o visual; ele possui um significado profundo que vai al\u00e9m do ato de marchar. \u00c9 uma forma de cultivar o patriotismo e a conscientiza\u00e7\u00e3o c\u00edvica nas novas gera\u00e7\u00f5es. O prefeito, L\u00e9o Moraes, destacou a import\u00e2ncia do envolvimento da comunidade escolar, enfatizando a necessidade de que as crian\u00e7as compreendam o verdadeiro significado do momento. Segundo ele, quando a escola, a fam\u00edlia e a comunidade se unem, a educa\u00e7\u00e3o se torna um vetor essencial para perpetuar valores e construir um futuro s\u00f3lido.<\/p>\n<p><img decoding=\"async\" src=\"https:\/\/www.encontraportovelho.com.br\/sobre\/wp-content\/uploads\/2026\/09\/estudantes-dao-inicio-as-celebracoes-da-semana-da-patria.webp\" alt=\"Semana da P\u00e1tria\" loading=\"lazy\" \/><\/p>\n<h2>A Import\u00e2ncia do Civismo<\/h2>\n<p>Eventos como o da Semana da P\u00e1tria s\u00e3o fundamentais para celebrar e honrar a hist\u00f3ria do Brasil, estimulando a reflex\u00e3o sobre a import\u00e2ncia do civismo. A diretora da Escola Senador Olavo Gomes Pires, Cristina Godoy, ressaltou a relev\u00e2ncia dessa experi\u00eancia no contexto educativo: &#8220;\u00c9 uma oportunidade de trabalhar o respeito e honrar a nossa P\u00e1tria&#8221;. Assim, experi\u00eancias como essas ajudam a cultivar valores essenciais, favorecendo a forma\u00e7\u00e3o integral dos jovens.<\/p>\n<h2>M\u00fasica e Alegria nas Festividades<\/h2>\n<p>A m\u00fasica desempenha um papel vital nas festividades c\u00edvicas, trazendo alegria e entusiasmo ao ambiente. O saxofonista Leonardo Vieira, parte da banda musical que acompanhou o desfile, comentou sobre como a m\u00fasica pode aproximar os jovens e proporcionar sensa\u00e7\u00f5es enriquecedoras. &#8220;A banda traz alegria, diversidade e oferece aos jovens a oportunidade de aprender um instrumento e fazer parte de algo positivo&#8221;. Esses momentos ajudam a criar um clima festivo e colaborativo, fortalecendo la\u00e7os entre os participantes.<\/p>\n<h2>Valoriza\u00e7\u00e3o da Educa\u00e7\u00e3o e da Cultura<\/h2>\n<p>O desfile n\u00e3o s\u00f3 homenageou a p\u00e1tria, mas tamb\u00e9m foi uma demonstra\u00e7\u00e3o de valoriza\u00e7\u00e3o da educa\u00e7\u00e3o e da cultura local. A participa\u00e7\u00e3o de mais de 500 crian\u00e7as, acompanhadas por suas fam\u00edlias e membros da comunidade, simboliza um forte apoio \u00e0s iniciativas educacionais. A secret\u00e1ria-adjunta da Semed, D\u00e9bora Raposo, mencionou que o envolvimento das fam\u00edlias foi crucial para refor\u00e7ar a proposta da abertura da comemora\u00e7\u00e3o, evidenciando a uni\u00e3o da sociedade em torno da educa\u00e7\u00e3o e dos valores c\u00edvicos.<\/p>\n<h2>Desfile como Ferramenta Educativa<\/h2>\n<p>Os desfiles c\u00edvicos t\u00eam um papel educativo significativo. Eles s\u00e3o mais do que simples apresenta\u00e7\u00f5es; servem como uma ferramenta para ensinar sobre a hist\u00f3ria do Brasil, seus s\u00edmbolos nacionais e a import\u00e2ncia do civismo. Ao participarem ativamente, os jovens t\u00eam a chance de internalizar esses conceitos e desenvolver o amor pela p\u00e1tria, construindo uma identidade nacional forte e consciente.<\/p>\n<h2>Relatos de Emo\u00e7\u00e3o e Orgulho<\/h2>\n<p>As emo\u00e7\u00f5es durante o desfile foram palp\u00e1veis. O radialista Ailton Gonzaga, que assistiu \u00e0 filha, Adrielly Sophia, de 8 anos, participar da programa\u00e7\u00e3o, compartilhou que a experi\u00eancia trouxe \u00e0 tona lembran\u00e7as das suas pr\u00f3prias viv\u00eancias na juventude, expressando sua gratid\u00e3o por poder reviver esses momentos com sua filha. &#8220;\u00c9 um privil\u00e9gio imenso. Ela pediu para participar e esse \u00e9 um momento que vai ficar marcado na vida dela e tamb\u00e9m na minha&#8221;.<\/p>\n<h2>Apoio da Fam\u00edlia nas Celebra\u00e7\u00f5es<\/h2>\n<p>O apoio familiar se transformou em um dos pilares do evento. A presen\u00e7a de pais e familiares, n\u00e3o s\u00f3 como apoiadores, mas como parte ativa do evento, mostraram a import\u00e2ncia do envolvimento da fam\u00edlia nas atividades escolares. Isso fortalece os v\u00ednculos afetivos e cria um ambiente favor\u00e1vel para a educa\u00e7\u00e3o, onde o aprendizado se estende al\u00e9m das quatro paredes da sala de aula.<\/p>\n<h2>Preparativos para o Dia da Independ\u00eancia<\/h2>\n<p>O desfile c\u00edvico da Semana da P\u00e1tria serve como uma prepara\u00e7\u00e3o simb\u00f3lica para as comemora\u00e7\u00f5es do Dia da Independ\u00eancia, celebrado em 7 de setembro. Essa programa\u00e7\u00e3o integrada permite que todos os envolvidos reflitam e se preparem para as festividades que relembram a luta pela liberdade e pela constru\u00e7\u00e3o da na\u00e7\u00e3o. A colabora\u00e7\u00e3o entre diversas pastas municipais e entidades, como a Pol\u00edcia Militar e o Corpo de Bombeiros, demonstra a relev\u00e2ncia das institui\u00e7\u00f5es no apoio a eventos que promovem a cidadania e o civismo.<\/p>\n\n<div style=\"font-size: 0px; height: 0px; line-height: 0px; margin: 0; padding: 0; clear: both;\"><\/div>","protected":false},"excerpt":{"rendered":"<p>Estudantes come\u00e7am as celebra\u00e7\u00f5es da Semana da P\u00e1tria em Porto Velho com desfile emocionante.<\/p>\n","protected":false},"author":1,"featured_media":2496,"comment_status":"closed","ping_status":"closed","sticky":false,"template":"","format":"standard","meta":{"footnotes":""},"categories":[25],"tags":[],"class_list":["post-2497","post","type-post","status-publish","format-standard","has-post-thumbnail","hentry","category-cultura-em-porto-velho","has_thumb"],"_links":{"self":[{"href":"https:\/\/www.encontraportovelho.com.br\/sobre\/wp-json\/wp\/v2\/posts\/2497","targetHints":{"allow":["GET"]}}],"collection":[{"href":"https:\/\/www.encontraportovelho.com.br\/sobre\/wp-json\/wp\/v2\/posts"}],"about":[{"href":"https:\/\/www.encontraportovelho.com.br\/sobre\/wp-json\/wp\/v2\/types\/post"}],"author":[{"embeddable":true,"href":"https:\/\/www.encontraportovelho.com.br\/sobre\/wp-json\/wp\/v2\/users\/1"}],"replies":[{"embeddable":true,"href":"https:\/\/www.encontraportovelho.com.br\/sobre\/wp-json\/wp\/v2\/comments?post=2497"}],"version-history":[{"count":0,"href":"https:\/\/www.encontraportovelho.com.br\/sobre\/wp-json\/wp\/v2\/posts\/2497\/revisions"}],"wp:featuredmedia":[{"embeddable":true,"href":"https:\/\/www.encontraportovelho.com.br\/sobre\/wp-json\/wp\/v2\/media\/2496"}],"wp:attachment":[{"href":"https:\/\/www.encontraportovelho.com.br\/sobre\/wp-json\/wp\/v2\/media?parent=2497"}],"wp:term":[{"taxonomy":"category","embeddable":true,"href":"https:\/\/www.encontraportovelho.com.br\/sobre\/wp-json\/wp\/v2\/categories?post=2497"},{"taxonomy":"post_tag","embeddable":true,"href":"https:\/\/www.encontraportovelho.com.br\/sobre\/wp-json\/wp\/v2\/tags?post=2497"}],"curies":[{"name":"wp","href":"https:\/\/api.w.org\/{rel}","templated":true}]}}