{"id":2503,"date":"2026-09-05T01:32:39","date_gmt":"2026-09-05T04:32:39","guid":{"rendered":"https:\/\/www.encontraportovelho.com.br\/sobre\/saude-publica-aposta-em-capacitacao-para-fortalecer-gestao-e-resultados\/"},"modified":"2026-09-05T01:32:39","modified_gmt":"2026-09-05T04:32:39","slug":"saude-publica-aposta-em-capacitacao-para-fortalecer-gestao-e-resultados","status":"publish","type":"post","link":"https:\/\/www.encontraportovelho.com.br\/sobre\/saude-publica-aposta-em-capacitacao-para-fortalecer-gestao-e-resultados\/","title":{"rendered":"Sa\u00fade p\u00fablica aposta em capacita\u00e7\u00e3o para fortalecer gest\u00e3o e resultados"},"content":{"rendered":"<div class=\"13d057bedbee569bbd7541dee57205a1\" data-index=\"1\" style=\"float: none; margin:0px;\">\n<!-- Anuncio display - global -->\r\n<ins class=\"adsbygoogle\"\r\n     style=\"display:block\"\r\n     data-ad-client=\"ca-pub-8585364105181520\"\r\n     data-ad-slot=\"8789329856\"\r\n     data-ad-format=\"auto\"\r\n     data-full-width-responsive=\"true\"><\/ins>\r\n<script>\r\n     (adsbygoogle = window.adsbygoogle || []).push({});\r\n<\/script>\n<\/div>\n<h2>Iniciativa &#8216;Caf\u00e9 com Lideran\u00e7a&#8217;<\/h2>\n<p>No dia 4 de setembro de 2026, a <strong>Secretaria Municipal de Sa\u00fade de Porto Velho<\/strong> (Semusa) deu in\u00edcio ao projeto intitulado <em>&#8220;Caf\u00e9 com Lideran\u00e7a: Gestores em Rede Construindo Pol\u00edticas Vivas&#8221;<\/em>. Este evento teve como objetivo primordial o fortalecimento da lideran\u00e7a e a promo\u00e7\u00e3o da gest\u00e3o participativa entre coordenadores e gestores da sa\u00fade. A abertura do encontro ocorreu \u00e0s 8h30 na sede do Sindeprof, proporcionando um espa\u00e7o para que os participantes se envolvessem em din\u00e2micas colaborativas.<\/p>\n<h2>Objetivos do projeto de capacita\u00e7\u00e3o<\/h2>\n<p>O projeto visa desenvolver as compet\u00eancias de lideran\u00e7a dos gestores, permitindo que eles adquiram habilidades essenciais para a tomada de decis\u00f5es eficazes e para a implementa\u00e7\u00e3o de pol\u00edticas p\u00fablicas em sa\u00fade. As metas incluem:<\/p>\n<ul>\n<li><strong>Fortalecer a comunica\u00e7\u00e3o:<\/strong> Melhora na troca de informa\u00e7\u00f5es entre os departamentos.<\/li>\n<li><strong>Promover a integra\u00e7\u00e3o:<\/strong> Facilitar a colabora\u00e7\u00e3o entre diferentes setores da sa\u00fade.<\/li>\n<li><strong>Capacitar l\u00edderes:<\/strong> Prover conhecimentos e habilidades em gest\u00e3o.<\/li>\n<\/ul>\n<h2>Metodologia aplicada nas din\u00e2micas<\/h2>\n<p>A metodologia escolhida para as din\u00e2micas foi adaptativa e focada na intera\u00e7\u00e3o. Durante a manh\u00e3, foram realizadas atividades pr\u00e1ticas que enfatizavam o trabalho em equipe e a import\u00e2ncia de uma gest\u00e3o eficaz. Ap\u00f3s uma breve pausa, o encontro seguiu com palestras e discuss\u00f5es em grupo. O m\u00e9todo permitiu que os participantes aplicassem na pr\u00e1tica os conceitos discutidos, promovendo um aprendizado significativo.<\/p>\n<p><img decoding=\"async\" src=\"https:\/\/www.encontraportovelho.com.br\/sobre\/wp-content\/uploads\/2026\/09\/saude-publica-aposta-em-capacitacao-para-fortalecer-gestao-e-resultados.webp\" alt=\"capacita\u00e7\u00e3o em sa\u00fade p\u00fablica\" loading=\"lazy\" \/><\/p>\n<h2>Import\u00e2ncia do trabalho em equipe<\/h2>\n<p>O trabalho em equipe se mostrou um pilar central na capacita\u00e7\u00e3o. Ao longo do evento, foram enfatizadas a colabora\u00e7\u00e3o e a coes\u00e3o como ferramentas para aperfei\u00e7oar a gest\u00e3o na sa\u00fade p\u00fablica. A habilidade de trabalhar em conjunto \u00e9 crucial para a execu\u00e7\u00e3o de projetos bem-sucedidos e para a obten\u00e7\u00e3o de resultados eficazes na \u00e1rea da sa\u00fade.<\/p>\n<h2>Palestras e temas abordados<\/h2>\n<p>As palestras abordaram diversos temas pertinentes \u00e0 gest\u00e3o em sa\u00fade, como:<\/p>\n<ul>\n<li><strong>Transporte na Sa\u00fade:<\/strong> Discuss\u00e3o sobre a otimiza\u00e7\u00e3o dos servi\u00e7os de transporte para pacientes.<\/li>\n<li><strong>Seguran\u00e7a nas decis\u00f5es administrativas:<\/strong> Estrat\u00e9gias para garantir a seguran\u00e7a nas tomadas de decis\u00f5es.<\/li>\n<\/ul>\n<h2>Integra\u00e7\u00e3o entre gestores<\/h2>\n<p>A integra\u00e7\u00e3o entre os gestores foi um dos principais focos do evento. Ao colaborar em diferentes atividades, os participantes tiveram a oportunidade de conhecer melhor as fun\u00e7\u00f5es e desafios enfrentados por cada departamento. Essa aproxima\u00e7\u00e3o \u00e9 vital para construir uma rede colaborativa eficaz dentro da secretaria.<\/p>\n<h2>Resultados esperados da capacita\u00e7\u00e3o<\/h2>\n<p>O programa de capacita\u00e7\u00e3o foi estruturado para fornecer resultados concretos, entre os quais se destacam:<\/p>\n<ul>\n<li><strong>Melhoria nos servi\u00e7os:<\/strong> Aumento da qualidade dos servi\u00e7os p\u00fablicos de sa\u00fade.<\/li>\n<li><strong>Gestores mais preparados:<\/strong> Aprofundamento das habilidades de lideran\u00e7a e administra\u00e7\u00e3o.<\/li>\n<li><strong>Indicadores de sucesso:<\/strong> Estabelecimento de m\u00e9tricas para mensurar o progresso das a\u00e7\u00f5es discutidas.<\/li>\n<\/ul>\n<h2>Encontros peri\u00f3dicos e troca de experi\u00eancias<\/h2>\n<p>Ricardo Brand\u00e3o, coordenador de Gest\u00e3o da Semusa, enfatizou que a proposta do programa abrange encontros regulares e rodas de conversa. Essas intera\u00e7\u00f5es proporcionar\u00e3o um f\u00f3rum cont\u00ednuo para discutirem lideran\u00e7a, comunica\u00e7\u00e3o, planejamento estrat\u00e9gico e integra\u00e7\u00e3o entre departamentos. \u00c9 essencial que esses encontros ajudem a solidificar as pr\u00e1ticas aprendidas durante o evento.<\/p>\n<h2>Ferramentas de gest\u00e3o utilizadas<\/h2>\n<p>Durante o projeto foram apresentadas diversas ferramentas de gest\u00e3o que auxiliar\u00e3o na implementa\u00e7\u00e3o das discuss\u00f5es em a\u00e7\u00f5es pr\u00e1ticas. Dentre elas, destacam-se:<\/p>\n<ul>\n<li><strong>PDCA:<\/strong> Ferramenta para o controle de processos e melhoria cont\u00ednua.<\/li>\n<li><strong>SWOT:<\/strong> An\u00e1lise de pontos fortes, fracos, oportunidades e amea\u00e7as.<\/li>\n<li><strong>5W2H:<\/strong> Metodologia que ajuda a planejar a\u00e7\u00f5es organizando de forma clara o que ser\u00e1 feito, por quem, quando, onde, por que, como, e quanto custar\u00e1.<\/li>\n<\/ul>\n<h2>Compromissos estabelecidos pela equipe<\/h2>\n<p>Durante o encerramento do evento, os servidores presentes estabeleceram oito compromissos para orientarem futuras a\u00e7\u00f5es e melhorias nos servi\u00e7os de sa\u00fade. Esses compromissos consistem em diretrizes que visam \u00e0 qualidade no atendimento prestado \u00e0 popula\u00e7\u00e3o de Porto Velho, uma a\u00e7\u00e3o que demonstra o comprometimento da equipe em transformar a sa\u00fade p\u00fablica local.<\/p>\n<p>O prefeito L\u00e9o Moraes prestou homenagem aos envolvidos, reconhecendo a ideia inovadora do evento e ressaltando o empenho dos servidores da sa\u00fade. Ele mencionou que o sucesso do evento \u00e9 um reflexo do interesse e do comprometimento dos trabalhadores em buscar melhorias e oferecer uma sa\u00fade p\u00fablica moderna e integrada.<\/p>\n<h2>Conclus\u00e3o<\/h2>\n<p>O projeto &#8220;Caf\u00e9 com Lideran\u00e7a&#8221; n\u00e3o \u00e9 apenas uma iniciativa pontual, mas sim um esfor\u00e7o cont\u00ednuo para fortalecer a gest\u00e3o p\u00fablica e promover a troca de experi\u00eancias. A expectativa \u00e9 que, por meio dessas a\u00e7\u00f5es, Porto Velho possa experimentar uma evolu\u00e7\u00e3o significativa na qualidade dos servi\u00e7os de sa\u00fade, ressaltando a import\u00e2ncia de capacitar os gestores e criar uma rede colaborativa eficaz.<\/p>\n<p>Para acompanhar as atualiza\u00e7\u00f5es e informa\u00e7\u00f5es sobre o desenvolvimento do projeto, \u00e9 recomend\u00e1vel que os servidores perman\u00e7am conectados e participem ativamente dos pr\u00f3ximos encontros programados ao longo do ano.<\/p>\n\n<div style=\"font-size: 0px; height: 0px; line-height: 0px; margin: 0; padding: 0; clear: both;\"><\/div>","protected":false},"excerpt":{"rendered":"<p>Sa\u00fade p\u00fablica em Porto Velho foca na capacita\u00e7\u00e3o para melhores resultados.<\/p>\n","protected":false},"author":1,"featured_media":2502,"comment_status":"closed","ping_status":"closed","sticky":false,"template":"","format":"standard","meta":{"footnotes":""},"categories":[33],"tags":[],"class_list":["post-2503","post","type-post","status-publish","format-standard","has-post-thumbnail","hentry","category-saude-em-porto-velho","has_thumb"],"_links":{"self":[{"href":"https:\/\/www.encontraportovelho.com.br\/sobre\/wp-json\/wp\/v2\/posts\/2503","targetHints":{"allow":["GET"]}}],"collection":[{"href":"https:\/\/www.encontraportovelho.com.br\/sobre\/wp-json\/wp\/v2\/posts"}],"about":[{"href":"https:\/\/www.encontraportovelho.com.br\/sobre\/wp-json\/wp\/v2\/types\/post"}],"author":[{"embeddable":true,"href":"https:\/\/www.encontraportovelho.com.br\/sobre\/wp-json\/wp\/v2\/users\/1"}],"replies":[{"embeddable":true,"href":"https:\/\/www.encontraportovelho.com.br\/sobre\/wp-json\/wp\/v2\/comments?post=2503"}],"version-history":[{"count":0,"href":"https:\/\/www.encontraportovelho.com.br\/sobre\/wp-json\/wp\/v2\/posts\/2503\/revisions"}],"wp:featuredmedia":[{"embeddable":true,"href":"https:\/\/www.encontraportovelho.com.br\/sobre\/wp-json\/wp\/v2\/media\/2502"}],"wp:attachment":[{"href":"https:\/\/www.encontraportovelho.com.br\/sobre\/wp-json\/wp\/v2\/media?parent=2503"}],"wp:term":[{"taxonomy":"category","embeddable":true,"href":"https:\/\/www.encontraportovelho.com.br\/sobre\/wp-json\/wp\/v2\/categories?post=2503"},{"taxonomy":"post_tag","embeddable":true,"href":"https:\/\/www.encontraportovelho.com.br\/sobre\/wp-json\/wp\/v2\/tags?post=2503"}],"curies":[{"name":"wp","href":"https:\/\/api.w.org\/{rel}","templated":true}]}}