{"id":68,"date":"2013-03-04T00:01:27","date_gmt":"2013-03-04T03:01:27","guid":{"rendered":"http:\/\/www.encontraportovelho.com.br\/noticias\/?p=68"},"modified":"2019-05-17T17:00:10","modified_gmt":"2019-05-17T20:00:10","slug":"porto-velho-sedia-congresso-internacional-do-leite-em-novembro","status":"publish","type":"post","link":"https:\/\/www.encontraportovelho.com.br\/sobre\/porto-velho-sedia-congresso-internacional-do-leite-em-novembro\/","title":{"rendered":"Porto Velho sedia Congresso Internacional do Leite em novembro"},"content":{"rendered":"<div class=\"13d057bedbee569bbd7541dee57205a1\" data-index=\"1\" style=\"float: none; margin:0px;\">\n<!-- Anuncio display - global -->\r\n<ins class=\"adsbygoogle\"\r\n     style=\"display:block\"\r\n     data-ad-client=\"ca-pub-8585364105181520\"\r\n     data-ad-slot=\"8789329856\"\r\n     data-ad-format=\"auto\"\r\n     data-full-width-responsive=\"true\"><\/ins>\r\n<script>\r\n     (adsbygoogle = window.adsbygoogle || []).push({});\r\n<\/script>\n<\/div>\n<p>De 8 a 11 de novembro de 2013, o Congresso Internacional do Leite ser\u00e1 realizado em Porto Velho, Rond\u00f4nia. \u00c9 a primeira vez que a regi\u00e3o Norte sedia o evento. A programa\u00e7\u00e3o inclui o Workshop sobre Pol\u00edticas P\u00fablicas para o Agroneg\u00f3cio do Leite e o Simp\u00f3sio sobre Sustentabilidade da Pecu\u00e1ria de Leite no Brasil. O congresso \u00e9 organizado desde 2001 pela Embrapa Gado de Leite (Juiz de Fora, MG), em parceria com institui\u00e7\u00f5es p\u00fablicas e privadas.<\/p>\n<p>Uma reuni\u00e3o sobre os preparativos do <a title=\"Eventos em Porto Velho\" href=\"http:\/\/www.encontraportovelho.com.br\/e\/eventos-em-porto-velho.shtml\" target=\"_blank\" rel=\"noopener noreferrer\">evento na cidade de Porto Velho<\/a> foi realizada na quinta-feira, 28, na Embrapa Rond\u00f4nia. No encontro estiveram presentes representantes da Embrapa Gado de Leite e Embrapa Rond\u00f4nia, das secretarias do governo do Estado Seagri, Sedes e Sedam, do Sebrae, da Universidade Federal de Rond\u00f4nia e do Minist\u00e9rio do Desenvolvimento Agr\u00e1rio.<\/p>\n<p>De acordo com a chefe adjunta de Transfer\u00eancia de Tecnologia da Embrapa Gado de Leite, Elizabeth Fernandes, a escolha por Rond\u00f4nia deve-se ao fato de o estado produzir 42% do leite da regi\u00e3o, sendo o maior produtor do Norte, embora toda o Norte represente apenas 5% da produ\u00e7\u00e3o de leite do pa\u00eds e Rond\u00f4nia 2%.<\/p>\n<p>Ela explica que em 2010 e 2011, houve uma redu\u00e7\u00e3o na produ\u00e7\u00e3o de leite do estado, que tem como m\u00e9dia di\u00e1ria 50 litros por propriedade, muito abaixo da m\u00e9dia nacional. A grande maioria das propriedades pratica a agricultura familiar. \u201cEsperamos que o congresso seja um incentivo, inclusive para que o governo incremente pol\u00edticas p\u00fablicas para o setor leiteiro, entendendo a import\u00e2ncia de harmonizar a produ\u00e7\u00e3o com as peculiaridades do bioma amaz\u00f4nico\u201d, diz Elizabeth.<\/p>\n<p>Outra maneira de chamar a aten\u00e7\u00e3o sobre a realidade da regi\u00e3o Norte, segundo ela, \u00e9 uma reuni\u00e3o entre a Subcomiss\u00e3o Permanente do Leite da C\u00e2mara dos Deputados e os secret\u00e1rios de agricultura da regi\u00e3o Norte, que ser\u00e1 realizada paralelamente ao congresso. Elizabeth lembra que a Embrapa possui tecnologias, mas as informa\u00e7\u00f5es precisam chegar aos pequenos produtores, atrav\u00e9s da assist\u00eancia t\u00e9cnica e extens\u00e3o rural, e as pol\u00edticas p\u00fablicas para o setor leiteiro \u00e9 que v\u00e3o garantir que essas pr\u00e1ticas sejam de fato aplicadas nas propriedades.<\/p>\n<p>O chefe-geral da Embrapa Gado de Leite, Duarte Vilela, enfatiza que para serem adotadas, as tecnologias precisam dessas pol\u00edticas e o congresso pode oferecer uma boa contribui\u00e7\u00e3o nesse sentido, tanto para Rond\u00f4nia, quanto para a regi\u00e3o Norte e para o Brasil como um todo.<\/p>\n<p>Congresso<\/p>\n<p>O Congresso \u00e9 organizado de forma itinerante e tem por objetivo discutir a sustentabilidade e competitividade da atividade leiteira no Brasil, visando o aumento da lucratividade no setor e a elabora\u00e7\u00e3o de uma agenda de pol\u00edticas p\u00fablicas para o fortalecimento do agroneg\u00f3cio do leite no Brasil.<\/p>\n<p>Em 2012, foi realizado pela terceira vez em Goi\u00e2nia, que sediou a primeira edi\u00e7\u00e3o, em 2001. Desde sua cria\u00e7\u00e3o, o Congresso Internacional do Leite percorreu os estados de Goi\u00e1s, Paran\u00e1, Mato Grosso do Sul, Rio Grande do Sul, <a href=\"http:\/\/www.encontrariodejaneiro.com.br\" target=\"_blank\" rel=\"noopener noreferrer\">Estado do Rio de Janeiro<\/a>, Minas Gerais e Alagoas.<\/p>\n<p><em>Fonte: Rondonot\u00edcias<\/em><\/p>\n\n<div style=\"font-size: 0px; height: 0px; line-height: 0px; margin: 0; padding: 0; clear: both;\"><\/div>","protected":false},"excerpt":{"rendered":"<p>De 8 a 11 de novembro de 2013, o Congresso Internacional do Leite ser\u00e1 realizado em Porto Velho, Rond\u00f4nia. \u00c9 a primeira vez que a regi\u00e3o Norte sedia o evento. A programa\u00e7\u00e3o inclui o Workshop sobre Pol\u00edticas P\u00fablicas para o Agroneg\u00f3cio do Leite e o Simp\u00f3sio sobre Sustentabilidade da Pecu\u00e1ria de Leite no Brasil. O congresso \u00e9 organizado desde 2001 pela Embrapa Gado de Leite (Juiz de Fora, MG), em parceria com institui\u00e7\u00f5es p\u00fablicas e privadas. Uma reuni\u00e3o sobre os preparativos do evento na cidade de Porto Velho foi realizada na quinta-feira, 28, na Embrapa Rond\u00f4nia. No encontro estiveram presentes <\/p>\n","protected":false},"author":1,"featured_media":0,"comment_status":"open","ping_status":"open","sticky":false,"template":"","format":"standard","meta":{"footnotes":""},"categories":[6,8],"tags":[12],"class_list":["post-68","post","type-post","status-publish","format-standard","hentry","category-noticias-em-porto-velho","category-servicos-em-porto-velho","tag-porto-velho"],"yoast_head":"<!-- This site is optimized with the Yoast SEO plugin v20.1 - https:\/\/yoast.com\/wordpress\/plugins\/seo\/ -->\n<title>Porto Velho sedia Congresso Internacional do Leite em novembro - Encontra Porto Velho<\/title>\n<meta name=\"robots\" content=\"index, follow, max-snippet:-1, max-image-preview:large, max-video-preview:-1\" \/>\n<link rel=\"canonical\" href=\"https:\/\/www.encontraportovelho.com.br\/sobre\/porto-velho-sedia-congresso-internacional-do-leite-em-novembro\/\" \/>\n<meta property=\"og:locale\" content=\"pt_BR\" \/>\n<meta property=\"og:type\" content=\"article\" \/>\n<meta property=\"og:title\" content=\"Porto Velho sedia Congresso Internacional do Leite em novembro - Encontra Porto Velho\" \/>\n<meta property=\"og:description\" content=\"De 8 a 11 de novembro de 2013, o Congresso Internacional do Leite ser\u00e1 realizado em Porto Velho, Rond\u00f4nia. \u00c9 a primeira vez que a regi\u00e3o Norte sedia o evento. A programa\u00e7\u00e3o inclui o Workshop sobre Pol\u00edticas P\u00fablicas para o Agroneg\u00f3cio do Leite e o Simp\u00f3sio sobre Sustentabilidade da Pecu\u00e1ria de Leite no Brasil. O congresso \u00e9 organizado desde 2001 pela Embrapa Gado de Leite (Juiz de Fora, MG), em parceria com institui\u00e7\u00f5es p\u00fablicas e privadas. Uma reuni\u00e3o sobre os preparativos do evento na cidade de Porto Velho foi realizada na quinta-feira, 28, na Embrapa Rond\u00f4nia. No encontro estiveram presentes\" \/>\n<meta property=\"og:url\" content=\"https:\/\/www.encontraportovelho.com.br\/sobre\/porto-velho-sedia-congresso-internacional-do-leite-em-novembro\/\" \/>\n<meta property=\"og:site_name\" content=\"Encontra Porto Velho\" \/>\n<meta property=\"article:published_time\" content=\"2013-03-04T03:01:27+00:00\" \/>\n<meta property=\"article:modified_time\" content=\"2019-05-17T20:00:10+00:00\" \/>\n<meta name=\"author\" content=\"Encontra Porto Velho\" \/>\n<meta name=\"twitter:card\" content=\"summary_large_image\" \/>\n<meta name=\"twitter:label1\" content=\"Escrito por\" \/>\n\t<meta name=\"twitter:data1\" content=\"Encontra Porto Velho\" \/>\n\t<meta name=\"twitter:label2\" content=\"Est. tempo de leitura\" \/>\n\t<meta name=\"twitter:data2\" content=\"3 minutos\" \/>\n<script type=\"application\/ld+json\" class=\"yoast-schema-graph\">{\"@context\":\"https:\/\/schema.org\",\"@graph\":[{\"@type\":\"WebPage\",\"@id\":\"https:\/\/www.encontraportovelho.com.br\/sobre\/porto-velho-sedia-congresso-internacional-do-leite-em-novembro\/\",\"url\":\"https:\/\/www.encontraportovelho.com.br\/sobre\/porto-velho-sedia-congresso-internacional-do-leite-em-novembro\/\",\"name\":\"Porto Velho sedia Congresso Internacional do Leite em novembro - Encontra Porto Velho\",\"isPartOf\":{\"@id\":\"https:\/\/www.encontraportovelho.com.br\/sobre\/#website\"},\"datePublished\":\"2013-03-04T03:01:27+00:00\",\"dateModified\":\"2019-05-17T20:00:10+00:00\",\"author\":{\"@id\":\"https:\/\/www.encontraportovelho.com.br\/sobre\/#\/schema\/person\/42176525a40bfc9eb32e562df7b23a2f\"},\"breadcrumb\":{\"@id\":\"https:\/\/www.encontraportovelho.com.br\/sobre\/porto-velho-sedia-congresso-internacional-do-leite-em-novembro\/#breadcrumb\"},\"inLanguage\":\"pt-BR\",\"potentialAction\":[{\"@type\":\"ReadAction\",\"target\":[\"https:\/\/www.encontraportovelho.com.br\/sobre\/porto-velho-sedia-congresso-internacional-do-leite-em-novembro\/\"]}]},{\"@type\":\"BreadcrumbList\",\"@id\":\"https:\/\/www.encontraportovelho.com.br\/sobre\/porto-velho-sedia-congresso-internacional-do-leite-em-novembro\/#breadcrumb\",\"itemListElement\":[{\"@type\":\"ListItem\",\"position\":1,\"name\":\"In\u00edcio\",\"item\":\"https:\/\/www.encontraportovelho.com.br\/sobre\/\"},{\"@type\":\"ListItem\",\"position\":2,\"name\":\"Porto Velho sedia Congresso Internacional do Leite em novembro\"}]},{\"@type\":\"WebSite\",\"@id\":\"https:\/\/www.encontraportovelho.com.br\/sobre\/#website\",\"url\":\"https:\/\/www.encontraportovelho.com.br\/sobre\/\",\"name\":\"Encontra Porto Velho\",\"description\":\"Not\u00edcias, eventos, informa\u00e7\u00f5es e dicas na cidade de Porto Velho e regi\u00e3o.\",\"potentialAction\":[{\"@type\":\"SearchAction\",\"target\":{\"@type\":\"EntryPoint\",\"urlTemplate\":\"https:\/\/www.encontraportovelho.com.br\/sobre\/?s={search_term_string}\"},\"query-input\":\"required name=search_term_string\"}],\"inLanguage\":\"pt-BR\"},{\"@type\":\"Person\",\"@id\":\"https:\/\/www.encontraportovelho.com.br\/sobre\/#\/schema\/person\/42176525a40bfc9eb32e562df7b23a2f\",\"name\":\"Encontra Porto Velho\",\"image\":{\"@type\":\"ImageObject\",\"inLanguage\":\"pt-BR\",\"@id\":\"https:\/\/www.encontraportovelho.com.br\/sobre\/#\/schema\/person\/image\/\",\"url\":\"https:\/\/secure.gravatar.com\/avatar\/f007732be0d27cbf8a336929fe922478?s=96&d=mm&r=g\",\"contentUrl\":\"https:\/\/secure.gravatar.com\/avatar\/f007732be0d27cbf8a336929fe922478?s=96&d=mm&r=g\",\"caption\":\"Encontra Porto Velho\"},\"sameAs\":[\"http:\/\/www.encontraportovelho.com.br\"],\"url\":\"https:\/\/www.encontraportovelho.com.br\/sobre\/author\/eportovelho\/\"}]}<\/script>\n<!-- \/ Yoast SEO plugin. -->","yoast_head_json":{"title":"Porto Velho sedia Congresso Internacional do Leite em novembro - Encontra Porto Velho","robots":{"index":"index","follow":"follow","max-snippet":"max-snippet:-1","max-image-preview":"max-image-preview:large","max-video-preview":"max-video-preview:-1"},"canonical":"https:\/\/www.encontraportovelho.com.br\/sobre\/porto-velho-sedia-congresso-internacional-do-leite-em-novembro\/","og_locale":"pt_BR","og_type":"article","og_title":"Porto Velho sedia Congresso Internacional do Leite em novembro - Encontra Porto Velho","og_description":"De 8 a 11 de novembro de 2013, o Congresso Internacional do Leite ser\u00e1 realizado em Porto Velho, Rond\u00f4nia. \u00c9 a primeira vez que a regi\u00e3o Norte sedia o evento. A programa\u00e7\u00e3o inclui o Workshop sobre Pol\u00edticas P\u00fablicas para o Agroneg\u00f3cio do Leite e o Simp\u00f3sio sobre Sustentabilidade da Pecu\u00e1ria de Leite no Brasil. O congresso \u00e9 organizado desde 2001 pela Embrapa Gado de Leite (Juiz de Fora, MG), em parceria com institui\u00e7\u00f5es p\u00fablicas e privadas. Uma reuni\u00e3o sobre os preparativos do evento na cidade de Porto Velho foi realizada na quinta-feira, 28, na Embrapa Rond\u00f4nia. No encontro estiveram presentes","og_url":"https:\/\/www.encontraportovelho.com.br\/sobre\/porto-velho-sedia-congresso-internacional-do-leite-em-novembro\/","og_site_name":"Encontra Porto Velho","article_published_time":"2013-03-04T03:01:27+00:00","article_modified_time":"2019-05-17T20:00:10+00:00","author":"Encontra Porto Velho","twitter_card":"summary_large_image","twitter_misc":{"Escrito por":"Encontra Porto Velho","Est. tempo de leitura":"3 minutos"},"schema":{"@context":"https:\/\/schema.org","@graph":[{"@type":"WebPage","@id":"https:\/\/www.encontraportovelho.com.br\/sobre\/porto-velho-sedia-congresso-internacional-do-leite-em-novembro\/","url":"https:\/\/www.encontraportovelho.com.br\/sobre\/porto-velho-sedia-congresso-internacional-do-leite-em-novembro\/","name":"Porto Velho sedia Congresso Internacional do Leite em novembro - Encontra Porto Velho","isPartOf":{"@id":"https:\/\/www.encontraportovelho.com.br\/sobre\/#website"},"datePublished":"2013-03-04T03:01:27+00:00","dateModified":"2019-05-17T20:00:10+00:00","author":{"@id":"https:\/\/www.encontraportovelho.com.br\/sobre\/#\/schema\/person\/42176525a40bfc9eb32e562df7b23a2f"},"breadcrumb":{"@id":"https:\/\/www.encontraportovelho.com.br\/sobre\/porto-velho-sedia-congresso-internacional-do-leite-em-novembro\/#breadcrumb"},"inLanguage":"pt-BR","potentialAction":[{"@type":"ReadAction","target":["https:\/\/www.encontraportovelho.com.br\/sobre\/porto-velho-sedia-congresso-internacional-do-leite-em-novembro\/"]}]},{"@type":"BreadcrumbList","@id":"https:\/\/www.encontraportovelho.com.br\/sobre\/porto-velho-sedia-congresso-internacional-do-leite-em-novembro\/#breadcrumb","itemListElement":[{"@type":"ListItem","position":1,"name":"In\u00edcio","item":"https:\/\/www.encontraportovelho.com.br\/sobre\/"},{"@type":"ListItem","position":2,"name":"Porto Velho sedia Congresso Internacional do Leite em novembro"}]},{"@type":"WebSite","@id":"https:\/\/www.encontraportovelho.com.br\/sobre\/#website","url":"https:\/\/www.encontraportovelho.com.br\/sobre\/","name":"Encontra Porto Velho","description":"Not\u00edcias, eventos, informa\u00e7\u00f5es e dicas na cidade de Porto Velho e regi\u00e3o.","potentialAction":[{"@type":"SearchAction","target":{"@type":"EntryPoint","urlTemplate":"https:\/\/www.encontraportovelho.com.br\/sobre\/?s={search_term_string}"},"query-input":"required name=search_term_string"}],"inLanguage":"pt-BR"},{"@type":"Person","@id":"https:\/\/www.encontraportovelho.com.br\/sobre\/#\/schema\/person\/42176525a40bfc9eb32e562df7b23a2f","name":"Encontra Porto Velho","image":{"@type":"ImageObject","inLanguage":"pt-BR","@id":"https:\/\/www.encontraportovelho.com.br\/sobre\/#\/schema\/person\/image\/","url":"https:\/\/secure.gravatar.com\/avatar\/f007732be0d27cbf8a336929fe922478?s=96&d=mm&r=g","contentUrl":"https:\/\/secure.gravatar.com\/avatar\/f007732be0d27cbf8a336929fe922478?s=96&d=mm&r=g","caption":"Encontra Porto Velho"},"sameAs":["http:\/\/www.encontraportovelho.com.br"],"url":"https:\/\/www.encontraportovelho.com.br\/sobre\/author\/eportovelho\/"}]}},"_links":{"self":[{"href":"https:\/\/www.encontraportovelho.com.br\/sobre\/wp-json\/wp\/v2\/posts\/68","targetHints":{"allow":["GET"]}}],"collection":[{"href":"https:\/\/www.encontraportovelho.com.br\/sobre\/wp-json\/wp\/v2\/posts"}],"about":[{"href":"https:\/\/www.encontraportovelho.com.br\/sobre\/wp-json\/wp\/v2\/types\/post"}],"author":[{"embeddable":true,"href":"https:\/\/www.encontraportovelho.com.br\/sobre\/wp-json\/wp\/v2\/users\/1"}],"replies":[{"embeddable":true,"href":"https:\/\/www.encontraportovelho.com.br\/sobre\/wp-json\/wp\/v2\/comments?post=68"}],"version-history":[{"count":2,"href":"https:\/\/www.encontraportovelho.com.br\/sobre\/wp-json\/wp\/v2\/posts\/68\/revisions"}],"predecessor-version":[{"id":372,"href":"https:\/\/www.encontraportovelho.com.br\/sobre\/wp-json\/wp\/v2\/posts\/68\/revisions\/372"}],"wp:attachment":[{"href":"https:\/\/www.encontraportovelho.com.br\/sobre\/wp-json\/wp\/v2\/media?parent=68"}],"wp:term":[{"taxonomy":"category","embeddable":true,"href":"https:\/\/www.encontraportovelho.com.br\/sobre\/wp-json\/wp\/v2\/categories?post=68"},{"taxonomy":"post_tag","embeddable":true,"href":"https:\/\/www.encontraportovelho.com.br\/sobre\/wp-json\/wp\/v2\/tags?post=68"}],"curies":[{"name":"wp","href":"https:\/\/api.w.org\/{rel}","templated":true}]}}