{"id":979,"date":"2025-11-07T06:23:00","date_gmt":"2025-11-07T09:23:00","guid":{"rendered":"https:\/\/www.encontraportovelho.com.br\/sobre\/profissionais-de-saude-aprovados-no-processo-seletivo-emergencial-assinam-contrato-nesta-terca\/"},"modified":"2025-11-07T06:23:00","modified_gmt":"2025-11-07T09:23:00","slug":"profissionais-de-saude-aprovados-no-processo-seletivo-emergencial-assinam-contrato-nesta-terca","status":"publish","type":"post","link":"https:\/\/www.encontraportovelho.com.br\/sobre\/profissionais-de-saude-aprovados-no-processo-seletivo-emergencial-assinam-contrato-nesta-terca\/","title":{"rendered":"Profissionais de sa\u00fade aprovados no processo seletivo emergencial assinam contrato nesta ter\u00e7a"},"content":{"rendered":"<div class=\"13d057bedbee569bbd7541dee57205a1\" data-index=\"1\" style=\"float: none; margin:0px;\">\n<!-- Anuncio display - global -->\r\n<ins class=\"adsbygoogle\"\r\n     style=\"display:block\"\r\n     data-ad-client=\"ca-pub-8585364105181520\"\r\n     data-ad-slot=\"8789329856\"\r\n     data-ad-format=\"auto\"\r\n     data-full-width-responsive=\"true\"><\/ins>\r\n<script>\r\n     (adsbygoogle = window.adsbygoogle || []).push({});\r\n<\/script>\n<\/div>\n<h2>Cerim\u00f4nia de Assinatura de Contrato<\/h2>\n<p>No \u00faltimo m\u00eas, Porto Velho realizou a <strong>cerim\u00f4nia de assinatura de contrato<\/strong> para novos profissionais de sa\u00fade. O evento teve como objetivo formalizar a <em>contrata\u00e7\u00e3o tempor\u00e1ria<\/em> desses profissionais, que s\u00e3o essenciais para suprir a demanda de servi\u00e7os de sa\u00fade no munic\u00edpio. A cerim\u00f4nia contou com a presen\u00e7a de autoridades locais, representantes da sa\u00fade p\u00fablica e dos novos contratados.<\/p>\n<p>A assinatura do contrato \u00e9 um passo importante no processo de <strong>integra\u00e7\u00e3o<\/strong> desses profissionais ao sistema de sa\u00fade municipal. \u00c9 uma oportunidade para que todos compreendam suas fun\u00e7\u00f5es, responsabilidades e o impacto que ter\u00e3o na comunidade. A secret\u00e1ria de sa\u00fade, durante o evento, enfatizou a import\u00e2ncia da colabora\u00e7\u00e3o e do trabalho em equipe entre os novos profissionais e os j\u00e1 existentes.<\/p>\n<h2>Novo Refor\u00e7o para a Sa\u00fade P\u00fablica<\/h2>\n<p>A <strong>contrata\u00e7\u00e3o tempor\u00e1ria<\/strong> de profissionais de sa\u00fade representa um novo refor\u00e7o para a <em>sa\u00fade p\u00fablica<\/em> em Porto Velho. Diante do aumento da demanda por servi\u00e7os de sa\u00fade, esse refor\u00e7o \u00e9 fundamental para garantir que a popula\u00e7\u00e3o tenha acesso a atendimentos de qualidade.<\/p>\n<p>Os contratados incluem m\u00e9dicos, enfermeiros, t\u00e9cnicos de enfermagem e outros profissionais de sa\u00fade. Essa diversidade de habilidades \u00e9 crucial para atender as necessidades espec\u00edficas da comunidade. Com a adi\u00e7\u00e3o desses profissionais, espera-se que as filas de espera por atendimento diminuam e que a qualidade do servi\u00e7o prestado aumente significativamente.<\/p>\n<h2>Quem S\u00e3o os Novos Contratados?<\/h2>\n<p>Os novos contratados s\u00e3o profissionais experientes e qualificados, cada um trazendo sua pr\u00f3pria bagagem e especialidades para o sistema de sa\u00fade. <strong>O perfil dos contratados<\/strong> inclui:<\/p>\n<ul>\n<li><strong>M\u00e9dicos:<\/strong> Especialistas em diversas \u00e1reas, incluindo pediatria, cl\u00ednica geral e psiquiatria.<\/li>\n<li><strong>Enfermeiros:<\/strong> Com experi\u00eancia em atendimento de urg\u00eancia e emerg\u00eancia, al\u00e9m de cuidados gerais.<\/li>\n<li><strong>T\u00e9cnicos de Enfermagem:<\/strong> Profissionais que prestar\u00e3o assist\u00eancia direta aos pacientes, sob supervis\u00e3o dos enfermeiros.<\/li>\n<li><strong>Profissionais de Sa\u00fade Mental:<\/strong> Focados em cuidados psicol\u00f3gicos e apoio a pacientes em tratamento.<\/li>\n<\/ul>\n<p>Esses profissionais foram selecionados atrav\u00e9s de um rigoroso processo seletivo, buscando garantir que apenas os melhores e mais dedicados se unissem \u00e0 equipe.<\/p>\n<h2>O Processo Seletivo Emergencial<\/h2>\n<p>O <strong>processo seletivo<\/strong> que levou \u00e0 contrata\u00e7\u00e3o desses profissionais foi considerado emergencial, devido \u00e0 necessidade imediata de refor\u00e7o na sa\u00fade. A sele\u00e7\u00e3o foi realizada em etapas r\u00e1pidas, que inclu\u00edam:<\/p>\n<ul>\n<li><strong>Inscri\u00e7\u00e3o Online:<\/strong> Os candidatos podiam se inscrever atrav\u00e9s de uma plataforma digital, facilitando o acesso.<\/li>\n<li><strong>Provas Objetivas:<\/strong> Testes para avaliar os conhecimentos t\u00e9cnicos e compet\u00eancias dos candidatos.<\/li>\n<li><strong>Entrevistas:<\/strong> Fase em que os candidatos foram avaliados quanto \u00e0 sua motiva\u00e7\u00e3o e adequa\u00e7\u00e3o \u00e0 cultura organizacional da sa\u00fade p\u00fablica.<\/li>\n<\/ul>\n<p>Esse processo seletivo emergencial destacou a agilidade do governo municipal em responder \u00e0 crescente demanda por atendimento m\u00e9dico e destacou a import\u00e2ncia de uma equipe bem treinada e motivada para oferecer servi\u00e7os de qualidade.<\/p>\n<h2>Impacto na Cobertura de Sa\u00fade<\/h2>\n<p>A <strong>contrata\u00e7\u00e3o tempor\u00e1ria<\/strong> de novos profissionais deve ter um <em>impacto significativo na cobertura de sa\u00fade<\/em> em Porto Velho. Com mais profissionais dispon\u00edveis, espera-se que a popula\u00e7\u00e3o tenha acesso mais f\u00e1cil e r\u00e1pido aos servi\u00e7os de sa\u00fade, incluindo consultas, exames e atendimentos emergenciais.<\/p>\n<p>Al\u00e9m disso, essa a\u00e7\u00e3o ir\u00e1 contribuir para a redu\u00e7\u00e3o do tempo de espera para atendimentos, um dos principais problemas enfrentados pelos usu\u00e1rios da sa\u00fade. O aumento do efetivo permitir\u00e1 que mais pacientes sejam atendidos diariamente.<\/p>\n<h2>Melhoria nos Servi\u00e7os Oferecidos<\/h2>\n<p>A entrada dos novos profissionais no sistema promete uma <strong>melhoria nos servi\u00e7os oferecidos<\/strong> \u00e0 popula\u00e7\u00e3o. Entre as melhorias esperadas, est\u00e3o:<\/p>\n<ul>\n<li><strong>Aumento da Capacidade de Atendimento:<\/strong> Mais profissionais significam mais consultas e atendimentos.<\/li>\n<li><strong>Treinamentos Constantes:<\/strong> Garantia de que todos os profissionais estejam atualizados sobre as melhores pr\u00e1ticas de sa\u00fade.<\/li>\n<li><strong>Atendimentos Mais Humanizados:<\/strong> Foco na empatia e no cuidado com o paciente, essenciais para a sa\u00fade p\u00fablica.<\/li>\n<\/ul>\n<p>Essas mudan\u00e7as visam n\u00e3o apenas aumentar a efici\u00eancia, mas tamb\u00e9m melhorar a experi\u00eancia dos usu\u00e1rios, garantindo que se sintam cuidados e respeitados durante todo o processo de atendimento.<\/p>\n<h2>O Papel da Secretaria Municipal de Administra\u00e7\u00e3o<\/h2>\n<p>A <strong>Secretaria Municipal de Administra\u00e7\u00e3o<\/strong> teve um papel fundamental na forma\u00e7\u00e3o dessa nova equipe. Sua atua\u00e7\u00e3o incluiu:<\/p>\n<ul>\n<li><strong>Gest\u00e3o de Recursos:<\/strong> Aloca\u00e7\u00e3o adequada de recursos para cobrir as contrata\u00e7\u00f5es e garantir que os novos profissionais possam atuar efetivamente.<\/li>\n<li><strong>Log\u00edstica:<\/strong> Organiza\u00e7\u00e3o da documenta\u00e7\u00e3o necess\u00e1ria e suporte para que os profissionais possam iniciar seu trabalho sem contratempos.<\/li>\n<li><strong>Integra\u00e7\u00e3o:<\/strong> Aux\u00edlio na integra\u00e7\u00e3o dos novos contratados com os demais profissionais do sistema de sa\u00fade.<\/li>\n<\/ul>\n<p>O trabalho colaborativo entre a Secretaria de Sa\u00fade e a Secretaria de Administra\u00e7\u00e3o foi essencial para garantir que o processo de contrata\u00e7\u00e3o ocorresse de maneira r\u00e1pida e eficiente, beneficiando toda a popula\u00e7\u00e3o de Porto Velho.<\/p>\n<h2>Compromisso com a Qualidade de Vida<\/h2>\n<p>A <strong>contrata\u00e7\u00e3o tempor\u00e1ria<\/strong> de profissionais de sa\u00fade tamb\u00e9m demonstra um compromisso com a <em>qualidade de vida<\/em> da popula\u00e7\u00e3o. Com mais profissionais, Porto Velho est\u00e1 mais apto a atender problemas de sa\u00fade que frequentemente afetam a comunidade, como doen\u00e7as cr\u00f4nicas e problemas de sa\u00fade mental.<\/p>\n<p>Al\u00e9m disso, a presen\u00e7a de novos profissionais poder\u00e1 contribuir para campanhas de vacina\u00e7\u00e3o e preven\u00e7\u00e3o, fundamentais para garantir a sa\u00fade e bem-estar da popula\u00e7\u00e3o. O aumento na qualidade dos servi\u00e7os prestados \u00e9 um passo significativo na busca por uma vida saud\u00e1vel para todos os cidad\u00e3os.<\/p>\n<h2>Fique Atento \u00e0s Novas Convoca\u00e7\u00f5es<\/h2>\n<p>Ap\u00f3s a cerim\u00f4nia de assinatura de contrato, \u00e9 importante que a popula\u00e7\u00e3o fique atenta a novas convoca\u00e7\u00f5es para outros profissionais. A <strong>contrata\u00e7\u00e3o tempor\u00e1ria<\/strong> pode estar sujeita a novas necessidades emergenciais, e a prefeitura pode convocar mais profissionais dependendo da situa\u00e7\u00e3o.<\/p>\n<p>Acompanhar as redes sociais da Secretaria de Sa\u00fade e o site oficial \u00e9 fundamental para obter informa\u00e7\u00f5es atualizadas sobre novas oportunidades e convoca\u00e7\u00f5es. O envolvimento da comunidade nessa comunica\u00e7\u00e3o \u00e9 uma maneira de garantir que a sa\u00fade p\u00fablica continue sendo uma prioridade.<\/p>\n<h2>A Import\u00e2ncia das Equipes de Sa\u00fade<\/h2>\n<p>A <strong>import\u00e2ncia das equipes de sa\u00fade<\/strong> na cidade \u00e9 indiscut\u00edvel. Elas s\u00e3o essenciais para o funcionamento do sistema de sa\u00fade, garantindo que a popula\u00e7\u00e3o receba acompanhamento adequado e atendimento de qualidade. Com a entrada de novos profissionais, este sistema se torna ainda mais robusto e capaz de atender \u00e0s demandas locais.<\/p>\n<p>As equipes de sa\u00fade trabalham em conjunto, permitindo um fluxo de trabalho mais eficiente. Isso significa que um paciente que necessita de diferentes tipos de atendimento pode ser rapidamente encaminhado para o especialista que precisa, otimizando o tempo e proporcionando um atendimento mais abrangente.<\/p>\n<p>Al\u00e9m disso, a presen\u00e7a de equipes multidisciplinares permite que se aborde o atendimento de forma global, considerando as v\u00e1rias dimens\u00f5es da sa\u00fade e bem-estar do paciente.<\/p>\n\n<div style=\"font-size: 0px; height: 0px; line-height: 0px; margin: 0; padding: 0; clear: both;\"><\/div>","protected":false},"excerpt":{"rendered":"<p>CONTRATA\u00c7\u00c3O TEMPOR\u00c1RIA traz novos profissionais de sa\u00fade para Porto Velho.<\/p>\n","protected":false},"author":1,"featured_media":978,"comment_status":"closed","ping_status":"closed","sticky":false,"template":"","format":"standard","meta":{"footnotes":""},"categories":[6],"tags":[],"class_list":["post-979","post","type-post","status-publish","format-standard","has-post-thumbnail","hentry","category-noticias-em-porto-velho","has_thumb"],"yoast_head":"<!-- This site is optimized with the Yoast SEO plugin v20.1 - https:\/\/yoast.com\/wordpress\/plugins\/seo\/ -->\n<title>Profissionais de sa\u00fade aprovados no processo seletivo emergencial assinam contrato nesta ter\u00e7a - Encontra Porto Velho<\/title>\n<meta name=\"robots\" content=\"index, follow, max-snippet:-1, max-image-preview:large, max-video-preview:-1\" \/>\n<link rel=\"canonical\" href=\"https:\/\/www.encontraportovelho.com.br\/sobre\/profissionais-de-saude-aprovados-no-processo-seletivo-emergencial-assinam-contrato-nesta-terca\/\" \/>\n<meta property=\"og:locale\" content=\"pt_BR\" \/>\n<meta property=\"og:type\" content=\"article\" \/>\n<meta property=\"og:title\" content=\"Profissionais de sa\u00fade aprovados no processo seletivo emergencial assinam contrato nesta ter\u00e7a - Encontra Porto Velho\" \/>\n<meta property=\"og:description\" content=\"CONTRATA\u00c7\u00c3O TEMPOR\u00c1RIA traz novos profissionais de sa\u00fade para Porto Velho.\" \/>\n<meta property=\"og:url\" content=\"https:\/\/www.encontraportovelho.com.br\/sobre\/profissionais-de-saude-aprovados-no-processo-seletivo-emergencial-assinam-contrato-nesta-terca\/\" \/>\n<meta property=\"og:site_name\" content=\"Encontra Porto Velho\" \/>\n<meta property=\"article:published_time\" content=\"2025-11-07T09:23:00+00:00\" \/>\n<meta name=\"author\" content=\"Encontra Porto Velho\" \/>\n<meta name=\"twitter:card\" content=\"summary_large_image\" \/>\n<meta name=\"twitter:label1\" content=\"Escrito por\" \/>\n\t<meta name=\"twitter:data1\" content=\"Encontra Porto Velho\" \/>\n\t<meta name=\"twitter:label2\" content=\"Est. tempo de leitura\" \/>\n\t<meta name=\"twitter:data2\" content=\"6 minutos\" \/>\n<script type=\"application\/ld+json\" class=\"yoast-schema-graph\">{\"@context\":\"https:\/\/schema.org\",\"@graph\":[{\"@type\":\"WebPage\",\"@id\":\"https:\/\/www.encontraportovelho.com.br\/sobre\/profissionais-de-saude-aprovados-no-processo-seletivo-emergencial-assinam-contrato-nesta-terca\/\",\"url\":\"https:\/\/www.encontraportovelho.com.br\/sobre\/profissionais-de-saude-aprovados-no-processo-seletivo-emergencial-assinam-contrato-nesta-terca\/\",\"name\":\"Profissionais de sa\u00fade aprovados no processo seletivo emergencial assinam contrato nesta ter\u00e7a - Encontra Porto Velho\",\"isPartOf\":{\"@id\":\"https:\/\/www.encontraportovelho.com.br\/sobre\/#website\"},\"datePublished\":\"2025-11-07T09:23:00+00:00\",\"dateModified\":\"2025-11-07T09:23:00+00:00\",\"author\":{\"@id\":\"https:\/\/www.encontraportovelho.com.br\/sobre\/#\/schema\/person\/42176525a40bfc9eb32e562df7b23a2f\"},\"breadcrumb\":{\"@id\":\"https:\/\/www.encontraportovelho.com.br\/sobre\/profissionais-de-saude-aprovados-no-processo-seletivo-emergencial-assinam-contrato-nesta-terca\/#breadcrumb\"},\"inLanguage\":\"pt-BR\",\"potentialAction\":[{\"@type\":\"ReadAction\",\"target\":[\"https:\/\/www.encontraportovelho.com.br\/sobre\/profissionais-de-saude-aprovados-no-processo-seletivo-emergencial-assinam-contrato-nesta-terca\/\"]}]},{\"@type\":\"BreadcrumbList\",\"@id\":\"https:\/\/www.encontraportovelho.com.br\/sobre\/profissionais-de-saude-aprovados-no-processo-seletivo-emergencial-assinam-contrato-nesta-terca\/#breadcrumb\",\"itemListElement\":[{\"@type\":\"ListItem\",\"position\":1,\"name\":\"In\u00edcio\",\"item\":\"https:\/\/www.encontraportovelho.com.br\/sobre\/\"},{\"@type\":\"ListItem\",\"position\":2,\"name\":\"Profissionais de sa\u00fade aprovados no processo seletivo emergencial assinam contrato nesta ter\u00e7a\"}]},{\"@type\":\"WebSite\",\"@id\":\"https:\/\/www.encontraportovelho.com.br\/sobre\/#website\",\"url\":\"https:\/\/www.encontraportovelho.com.br\/sobre\/\",\"name\":\"Encontra Porto Velho\",\"description\":\"Not\u00edcias, eventos, informa\u00e7\u00f5es e dicas na cidade de Porto Velho e regi\u00e3o.\",\"potentialAction\":[{\"@type\":\"SearchAction\",\"target\":{\"@type\":\"EntryPoint\",\"urlTemplate\":\"https:\/\/www.encontraportovelho.com.br\/sobre\/?s={search_term_string}\"},\"query-input\":\"required name=search_term_string\"}],\"inLanguage\":\"pt-BR\"},{\"@type\":\"Person\",\"@id\":\"https:\/\/www.encontraportovelho.com.br\/sobre\/#\/schema\/person\/42176525a40bfc9eb32e562df7b23a2f\",\"name\":\"Encontra Porto Velho\",\"image\":{\"@type\":\"ImageObject\",\"inLanguage\":\"pt-BR\",\"@id\":\"https:\/\/www.encontraportovelho.com.br\/sobre\/#\/schema\/person\/image\/\",\"url\":\"https:\/\/secure.gravatar.com\/avatar\/f007732be0d27cbf8a336929fe922478?s=96&d=mm&r=g\",\"contentUrl\":\"https:\/\/secure.gravatar.com\/avatar\/f007732be0d27cbf8a336929fe922478?s=96&d=mm&r=g\",\"caption\":\"Encontra Porto Velho\"},\"sameAs\":[\"http:\/\/www.encontraportovelho.com.br\"],\"url\":\"https:\/\/www.encontraportovelho.com.br\/sobre\/author\/eportovelho\/\"}]}<\/script>\n<!-- \/ Yoast SEO plugin. -->","yoast_head_json":{"title":"Profissionais de sa\u00fade aprovados no processo seletivo emergencial assinam contrato nesta ter\u00e7a - Encontra Porto Velho","robots":{"index":"index","follow":"follow","max-snippet":"max-snippet:-1","max-image-preview":"max-image-preview:large","max-video-preview":"max-video-preview:-1"},"canonical":"https:\/\/www.encontraportovelho.com.br\/sobre\/profissionais-de-saude-aprovados-no-processo-seletivo-emergencial-assinam-contrato-nesta-terca\/","og_locale":"pt_BR","og_type":"article","og_title":"Profissionais de sa\u00fade aprovados no processo seletivo emergencial assinam contrato nesta ter\u00e7a - Encontra Porto Velho","og_description":"CONTRATA\u00c7\u00c3O TEMPOR\u00c1RIA traz novos profissionais de sa\u00fade para Porto Velho.","og_url":"https:\/\/www.encontraportovelho.com.br\/sobre\/profissionais-de-saude-aprovados-no-processo-seletivo-emergencial-assinam-contrato-nesta-terca\/","og_site_name":"Encontra Porto Velho","article_published_time":"2025-11-07T09:23:00+00:00","author":"Encontra Porto Velho","twitter_card":"summary_large_image","twitter_misc":{"Escrito por":"Encontra Porto Velho","Est. tempo de leitura":"6 minutos"},"schema":{"@context":"https:\/\/schema.org","@graph":[{"@type":"WebPage","@id":"https:\/\/www.encontraportovelho.com.br\/sobre\/profissionais-de-saude-aprovados-no-processo-seletivo-emergencial-assinam-contrato-nesta-terca\/","url":"https:\/\/www.encontraportovelho.com.br\/sobre\/profissionais-de-saude-aprovados-no-processo-seletivo-emergencial-assinam-contrato-nesta-terca\/","name":"Profissionais de sa\u00fade aprovados no processo seletivo emergencial assinam contrato nesta ter\u00e7a - Encontra Porto Velho","isPartOf":{"@id":"https:\/\/www.encontraportovelho.com.br\/sobre\/#website"},"datePublished":"2025-11-07T09:23:00+00:00","dateModified":"2025-11-07T09:23:00+00:00","author":{"@id":"https:\/\/www.encontraportovelho.com.br\/sobre\/#\/schema\/person\/42176525a40bfc9eb32e562df7b23a2f"},"breadcrumb":{"@id":"https:\/\/www.encontraportovelho.com.br\/sobre\/profissionais-de-saude-aprovados-no-processo-seletivo-emergencial-assinam-contrato-nesta-terca\/#breadcrumb"},"inLanguage":"pt-BR","potentialAction":[{"@type":"ReadAction","target":["https:\/\/www.encontraportovelho.com.br\/sobre\/profissionais-de-saude-aprovados-no-processo-seletivo-emergencial-assinam-contrato-nesta-terca\/"]}]},{"@type":"BreadcrumbList","@id":"https:\/\/www.encontraportovelho.com.br\/sobre\/profissionais-de-saude-aprovados-no-processo-seletivo-emergencial-assinam-contrato-nesta-terca\/#breadcrumb","itemListElement":[{"@type":"ListItem","position":1,"name":"In\u00edcio","item":"https:\/\/www.encontraportovelho.com.br\/sobre\/"},{"@type":"ListItem","position":2,"name":"Profissionais de sa\u00fade aprovados no processo seletivo emergencial assinam contrato nesta ter\u00e7a"}]},{"@type":"WebSite","@id":"https:\/\/www.encontraportovelho.com.br\/sobre\/#website","url":"https:\/\/www.encontraportovelho.com.br\/sobre\/","name":"Encontra Porto Velho","description":"Not\u00edcias, eventos, informa\u00e7\u00f5es e dicas na cidade de Porto Velho e regi\u00e3o.","potentialAction":[{"@type":"SearchAction","target":{"@type":"EntryPoint","urlTemplate":"https:\/\/www.encontraportovelho.com.br\/sobre\/?s={search_term_string}"},"query-input":"required name=search_term_string"}],"inLanguage":"pt-BR"},{"@type":"Person","@id":"https:\/\/www.encontraportovelho.com.br\/sobre\/#\/schema\/person\/42176525a40bfc9eb32e562df7b23a2f","name":"Encontra Porto Velho","image":{"@type":"ImageObject","inLanguage":"pt-BR","@id":"https:\/\/www.encontraportovelho.com.br\/sobre\/#\/schema\/person\/image\/","url":"https:\/\/secure.gravatar.com\/avatar\/f007732be0d27cbf8a336929fe922478?s=96&d=mm&r=g","contentUrl":"https:\/\/secure.gravatar.com\/avatar\/f007732be0d27cbf8a336929fe922478?s=96&d=mm&r=g","caption":"Encontra Porto Velho"},"sameAs":["http:\/\/www.encontraportovelho.com.br"],"url":"https:\/\/www.encontraportovelho.com.br\/sobre\/author\/eportovelho\/"}]}},"_links":{"self":[{"href":"https:\/\/www.encontraportovelho.com.br\/sobre\/wp-json\/wp\/v2\/posts\/979","targetHints":{"allow":["GET"]}}],"collection":[{"href":"https:\/\/www.encontraportovelho.com.br\/sobre\/wp-json\/wp\/v2\/posts"}],"about":[{"href":"https:\/\/www.encontraportovelho.com.br\/sobre\/wp-json\/wp\/v2\/types\/post"}],"author":[{"embeddable":true,"href":"https:\/\/www.encontraportovelho.com.br\/sobre\/wp-json\/wp\/v2\/users\/1"}],"replies":[{"embeddable":true,"href":"https:\/\/www.encontraportovelho.com.br\/sobre\/wp-json\/wp\/v2\/comments?post=979"}],"version-history":[{"count":0,"href":"https:\/\/www.encontraportovelho.com.br\/sobre\/wp-json\/wp\/v2\/posts\/979\/revisions"}],"wp:featuredmedia":[{"embeddable":true,"href":"https:\/\/www.encontraportovelho.com.br\/sobre\/wp-json\/wp\/v2\/media\/978"}],"wp:attachment":[{"href":"https:\/\/www.encontraportovelho.com.br\/sobre\/wp-json\/wp\/v2\/media?parent=979"}],"wp:term":[{"taxonomy":"category","embeddable":true,"href":"https:\/\/www.encontraportovelho.com.br\/sobre\/wp-json\/wp\/v2\/categories?post=979"},{"taxonomy":"post_tag","embeddable":true,"href":"https:\/\/www.encontraportovelho.com.br\/sobre\/wp-json\/wp\/v2\/tags?post=979"}],"curies":[{"name":"wp","href":"https:\/\/api.w.org\/{rel}","templated":true}]}}