{"id":999,"date":"2025-11-11T07:36:00","date_gmt":"2025-11-11T10:36:00","guid":{"rendered":"https:\/\/www.encontraportovelho.com.br\/sobre\/porto-velho-sedia-2a-edicao-da-expo-turismo\/"},"modified":"2025-11-11T07:36:00","modified_gmt":"2025-11-11T10:36:00","slug":"porto-velho-sedia-2a-edicao-da-expo-turismo","status":"publish","type":"post","link":"https:\/\/www.encontraportovelho.com.br\/sobre\/porto-velho-sedia-2a-edicao-da-expo-turismo\/","title":{"rendered":"Porto Velho sedia 2\u00aa edi\u00e7\u00e3o da Expo Turismo"},"content":{"rendered":"<div class=\"13d057bedbee569bbd7541dee57205a1\" data-index=\"1\" style=\"float: none; margin:0px;\">\n<!-- Anuncio display - global -->\r\n<ins class=\"adsbygoogle\"\r\n     style=\"display:block\"\r\n     data-ad-client=\"ca-pub-8585364105181520\"\r\n     data-ad-slot=\"8789329856\"\r\n     data-ad-format=\"auto\"\r\n     data-full-width-responsive=\"true\"><\/ins>\r\n<script>\r\n     (adsbygoogle = window.adsbygoogle || []).push({});\r\n<\/script>\n<\/div>\n<h2>O que \u00e9 a Expo Turismo?<\/h2>\n<p>A <strong>Expo Turismo<\/strong> \u00e9 um evento que re\u00fane profissionais, empreendedores e entusiastas do turismo. O objetivo principal da Expo \u00e9 compartilhar conhecimentos, promover destinos e fortalecer a ind\u00fastria tur\u00edstica. Durante este evento, s\u00e3o apresentadas inova\u00e7\u00f5es, tend\u00eancias e oportunidades para impulsionar o setor de turismo.<\/p>\n<p>Em 2025, Porto Velho ser\u00e1 a sede desse grande encontro, trazendo junto a si uma s\u00e9rie de expectativas e potencial para o turismo local. A cidade ter\u00e1 a chance de mostrar suas belezas naturais, cultura rica e diversidade, atraindo investidores e profissionais do setor.<\/p>\n<h2>Import\u00e2ncia do Evento para Porto Velho<\/h2>\n<p>A realiza\u00e7\u00e3o da Expo Turismo em Porto Velho \u00e9 importante por diversas raz\u00f5es:<\/p>\n<ul>\n<li><strong>Visibilidade Internacional:<\/strong> Ao sediar um evento dessa magnitude, Porto Velho ganhar\u00e1 destaque no mapa tur\u00edstico mundial.<\/li>\n<li><strong>Desenvolvimento Econ\u00f4mico:<\/strong> O turismo pode impulsionar a economia local, criando empregos e movimentando receitas.<\/li>\n<li><strong>Valoriza\u00e7\u00e3o Cultural:<\/strong> \u00c9 uma oportunidade de mostrar a cultura regional e atrair turistas interessados na hist\u00f3ria e tradi\u00e7\u00f5es locais.<\/li>\n<li><strong>Estimulo ao Empreendedorismo:<\/strong> A Expo pode inspirar novos neg\u00f3cios e parcerias dentro do setor tur\u00edstico.<\/li>\n<\/ul>\n<h2>Abertura e destaque do evento<\/h2>\n<p>A abertura da Expo Turismo 2025 em Porto Velho marcar\u00e1 um momento especial. O evento promete contar com a presen\u00e7a de autoridades, investidores e representantes da ind\u00fastria tur\u00edstica. Bastar\u00e1 apresentar as potencialidades de Porto Velho, incluindo seus atrativos naturais e culturais.<\/p>\n<p>Al\u00e9m disso, a expectativa \u00e9 que haja confer\u00eancias, workshops e pain\u00e9is de discuss\u00e3o que abordar\u00e3o as mais atuais tend\u00eancias do turismo, como o ecoturismo e o turismo sustent\u00e1vel.<\/p>\n<h2>Discursos das autoridades presentes<\/h2>\n<p>Os discursos das autoridades presentes no evento ser\u00e3o fundamentais para definir o rumo do turismo em Porto Velho. Espera-se que l\u00edderes locais e regionais expressem apoio ao setor, destacando a relev\u00e2ncia do turismo como motor de desenvolvimento econ\u00f4mico e social.<\/p>\n<p>Esses discursos tamb\u00e9m poder\u00e3o incluir an\u00fancios sobre novos projetos e investimentos voltados para a melhoria da infraestrutura tur\u00edstica, criando assim um ambiente favor\u00e1vel para o crescimento do setor.<\/p>\n<h2>A riqueza da ictiofauna do rio Madeira<\/h2>\n<p>Um dos grandes atrativos de Porto Velho \u00e9 o <strong>rio Madeira<\/strong>, que abriga uma rica ictiofauna. O rio \u00e9 lar de diversas esp\u00e9cies de peixes, muitos dos quais s\u00e3o end\u00eamicos e t\u00eam grande import\u00e2ncia ecol\u00f3gica e econ\u00f4mica.<\/p>\n<p>A Expo Turismo pode explorar essa riqueza, promovendo atividades que envolvam esportes de pesca e ecoturismo. O turismo voltado para as belezas naturais do rio Madeira atrai visitantes que buscam experi\u00eancias \u00fanicas em contato com a natureza.<\/p>\n<h2>Projetos voltados ao turismo<\/h2>\n<p>Com a aproxima\u00e7\u00e3o da Expo Turismo, muitos projetos voltados para o turismo est\u00e3o sendo discutidos e desenvolvidos em Porto Velho:<\/p>\n<ul>\n<li><strong>Restaura\u00e7\u00e3o de Espa\u00e7os P\u00fablicos:<\/strong> Projetos para revitalizar pra\u00e7as e espa\u00e7os de conviv\u00eancia melhorar\u00e3o a infraestrutura tur\u00edstica.<\/li>\n<li><strong>Roteiros Tur\u00edsticos:<\/strong> A cria\u00e7\u00e3o de roteiros que incluam pontos tur\u00edsticos renomados, como a Estrada de Ferro Madeira-Mamor\u00e9, permitir\u00e1 que os visitantes conhe\u00e7am a fundo a hist\u00f3ria da regi\u00e3o.<\/li>\n<li><strong>Eventos Culturais:<\/strong> Incentivar festivais de m\u00fasica e gastronomia ajudar\u00e1 a promover a cultura local, atraindo mais visitantes.<\/li>\n<\/ul>\n<h2>O papel da Semtel no desenvolvimento<\/h2>\n<p>A Secretaria Municipal de Turismo (Semtel) ter\u00e1 um papel crucial no desenvolvimento das a\u00e7\u00f5es relacionadas \u00e0 Expo Turismo 2025. Focando em promover e planejar o turismo na cidade, a Semtel buscar\u00e1:<\/p>\n<ul>\n<li><strong>Parcerias:<\/strong> Estabelecer colabora\u00e7\u00f5es com empresas e organiza\u00e7\u00f5es para refor\u00e7ar o setor tur\u00edstico.<\/li>\n<li><strong>Capacita\u00e7\u00e3o:<\/strong> Oferecer treinamentos e capacita\u00e7\u00f5es para empreendedores locais que desejam se inserir no mercado tur\u00edstico.<\/li>\n<li><strong>Promo\u00e7\u00e3o de Destinos:<\/strong> Realizar campanhas de marketing para atrair turistas e investidores para Porto Velho.<\/li>\n<\/ul>\n<h2>Hist\u00f3ria da Estrada de Ferro Madeira-Mamor\u00e9<\/h2>\n<p>A hist\u00f3ria da <strong>Estrada de Ferro Madeira-Mamor\u00e9<\/strong> \u00e9 um cap\u00edtulo importante e fascinante da cultura de Porto Velho. Constru\u00edda no in\u00edcio do s\u00e9culo XX, a ferrovia foi um projeto ambicioso que tornou-se uma das principais vias de transporte da regi\u00e3o.<\/p>\n<p>Este patrim\u00f4nio hist\u00f3rico pode ser um ponto focal durante a Expo Turismo, com destaque para visitas guiadas e atividades culturais que recontam sua hist\u00f3ria e import\u00e2ncia na economia local.<\/p>\n<h2>Vis\u00e3o para o futuro do turismo<\/h2>\n<p>O futuro do turismo em Porto Velho pode ser brilhante. Espera-se que a Expo Turismo 2025 inspire a cria\u00e7\u00e3o de novas iniciativas para desenvolver o potencial tur\u00edstico da cidade. A vis\u00e3o envolve:<\/p>\n<ul>\n<li><strong>Infraestrutura Sustent\u00e1vel:<\/strong> Focar em desenvolver uma infraestrutura que respeite o meio ambiente e atraia visitantes que valorizam a sustentabilidade.<\/li>\n<li><strong>Foco no Ecoturismo:<\/strong> Aproveitar as riquezas naturais da regi\u00e3o, promovendo turismo respons\u00e1vel e consciente.<\/li>\n<li><strong>Crescimento de Parcerias:<\/strong> Estimular as colabora\u00e7\u00f5es entre setores p\u00fablicos e privados para fomentar a ind\u00fastria do turismo.<\/li>\n<\/ul>\n<h2>Experi\u00eancias tur\u00edsticas em Porto Velho<\/h2>\n<p>Porto Velho oferece uma variedade de <strong>experi\u00eancias tur\u00edsticas<\/strong> que podem ser exploradas e promovidas durante a Expo Turismo:<\/p>\n<ul>\n<li><strong>Circuitos Culturais:<\/strong> Roteiros que incluem visitas a museus, galerias e espa\u00e7os culturais que contam a hist\u00f3ria local.<\/li>\n<li><strong>Tours Ecol\u00f3gicos:<\/strong> Roteiros que levam turistas a conhecer a rica biodiversidade da Amaz\u00f4nia e do rio Madeira.<\/li>\n<li><strong>Gastronomia Regional:<\/strong> Aproveitar a culin\u00e1ria local, promovendo festivais gastron\u00f4micos que destacam a comida t\u00edpica da regi\u00e3o.<\/li>\n<\/ul>\n\n<div style=\"font-size: 0px; height: 0px; line-height: 0px; margin: 0; padding: 0; clear: both;\"><\/div>","protected":false},"excerpt":{"rendered":"<p>Porto Velho revela seu potencial tur\u00edstico na 2\u00aa Expo Turismo.<\/p>\n","protected":false},"author":1,"featured_media":998,"comment_status":"closed","ping_status":"closed","sticky":false,"template":"","format":"standard","meta":{"footnotes":""},"categories":[6],"tags":[],"class_list":["post-999","post","type-post","status-publish","format-standard","has-post-thumbnail","hentry","category-noticias-em-porto-velho","has_thumb"],"yoast_head":"<!-- This site is optimized with the Yoast SEO plugin v20.1 - https:\/\/yoast.com\/wordpress\/plugins\/seo\/ -->\n<title>Porto Velho sedia 2\u00aa edi\u00e7\u00e3o da Expo Turismo - Encontra Porto Velho<\/title>\n<meta name=\"robots\" content=\"index, follow, max-snippet:-1, max-image-preview:large, max-video-preview:-1\" \/>\n<link rel=\"canonical\" href=\"https:\/\/www.encontraportovelho.com.br\/sobre\/porto-velho-sedia-2a-edicao-da-expo-turismo\/\" \/>\n<meta property=\"og:locale\" content=\"pt_BR\" \/>\n<meta property=\"og:type\" content=\"article\" \/>\n<meta property=\"og:title\" content=\"Porto Velho sedia 2\u00aa edi\u00e7\u00e3o da Expo Turismo - Encontra Porto Velho\" \/>\n<meta property=\"og:description\" content=\"Porto Velho revela seu potencial tur\u00edstico na 2\u00aa Expo Turismo.\" \/>\n<meta property=\"og:url\" content=\"https:\/\/www.encontraportovelho.com.br\/sobre\/porto-velho-sedia-2a-edicao-da-expo-turismo\/\" \/>\n<meta property=\"og:site_name\" content=\"Encontra Porto Velho\" \/>\n<meta property=\"article:published_time\" content=\"2025-11-11T10:36:00+00:00\" \/>\n<meta name=\"author\" content=\"Encontra Porto Velho\" \/>\n<meta name=\"twitter:card\" content=\"summary_large_image\" \/>\n<meta name=\"twitter:label1\" content=\"Escrito por\" \/>\n\t<meta name=\"twitter:data1\" content=\"Encontra Porto Velho\" \/>\n\t<meta name=\"twitter:label2\" content=\"Est. tempo de leitura\" \/>\n\t<meta name=\"twitter:data2\" content=\"4 minutos\" \/>\n<script type=\"application\/ld+json\" class=\"yoast-schema-graph\">{\"@context\":\"https:\/\/schema.org\",\"@graph\":[{\"@type\":\"WebPage\",\"@id\":\"https:\/\/www.encontraportovelho.com.br\/sobre\/porto-velho-sedia-2a-edicao-da-expo-turismo\/\",\"url\":\"https:\/\/www.encontraportovelho.com.br\/sobre\/porto-velho-sedia-2a-edicao-da-expo-turismo\/\",\"name\":\"Porto Velho sedia 2\u00aa edi\u00e7\u00e3o da Expo Turismo - Encontra Porto Velho\",\"isPartOf\":{\"@id\":\"https:\/\/www.encontraportovelho.com.br\/sobre\/#website\"},\"datePublished\":\"2025-11-11T10:36:00+00:00\",\"dateModified\":\"2025-11-11T10:36:00+00:00\",\"author\":{\"@id\":\"https:\/\/www.encontraportovelho.com.br\/sobre\/#\/schema\/person\/42176525a40bfc9eb32e562df7b23a2f\"},\"breadcrumb\":{\"@id\":\"https:\/\/www.encontraportovelho.com.br\/sobre\/porto-velho-sedia-2a-edicao-da-expo-turismo\/#breadcrumb\"},\"inLanguage\":\"pt-BR\",\"potentialAction\":[{\"@type\":\"ReadAction\",\"target\":[\"https:\/\/www.encontraportovelho.com.br\/sobre\/porto-velho-sedia-2a-edicao-da-expo-turismo\/\"]}]},{\"@type\":\"BreadcrumbList\",\"@id\":\"https:\/\/www.encontraportovelho.com.br\/sobre\/porto-velho-sedia-2a-edicao-da-expo-turismo\/#breadcrumb\",\"itemListElement\":[{\"@type\":\"ListItem\",\"position\":1,\"name\":\"In\u00edcio\",\"item\":\"https:\/\/www.encontraportovelho.com.br\/sobre\/\"},{\"@type\":\"ListItem\",\"position\":2,\"name\":\"Porto Velho sedia 2\u00aa edi\u00e7\u00e3o da Expo Turismo\"}]},{\"@type\":\"WebSite\",\"@id\":\"https:\/\/www.encontraportovelho.com.br\/sobre\/#website\",\"url\":\"https:\/\/www.encontraportovelho.com.br\/sobre\/\",\"name\":\"Encontra Porto Velho\",\"description\":\"Not\u00edcias, eventos, informa\u00e7\u00f5es e dicas na cidade de Porto Velho e regi\u00e3o.\",\"potentialAction\":[{\"@type\":\"SearchAction\",\"target\":{\"@type\":\"EntryPoint\",\"urlTemplate\":\"https:\/\/www.encontraportovelho.com.br\/sobre\/?s={search_term_string}\"},\"query-input\":\"required name=search_term_string\"}],\"inLanguage\":\"pt-BR\"},{\"@type\":\"Person\",\"@id\":\"https:\/\/www.encontraportovelho.com.br\/sobre\/#\/schema\/person\/42176525a40bfc9eb32e562df7b23a2f\",\"name\":\"Encontra Porto Velho\",\"image\":{\"@type\":\"ImageObject\",\"inLanguage\":\"pt-BR\",\"@id\":\"https:\/\/www.encontraportovelho.com.br\/sobre\/#\/schema\/person\/image\/\",\"url\":\"https:\/\/secure.gravatar.com\/avatar\/f007732be0d27cbf8a336929fe922478?s=96&d=mm&r=g\",\"contentUrl\":\"https:\/\/secure.gravatar.com\/avatar\/f007732be0d27cbf8a336929fe922478?s=96&d=mm&r=g\",\"caption\":\"Encontra Porto Velho\"},\"sameAs\":[\"http:\/\/www.encontraportovelho.com.br\"],\"url\":\"https:\/\/www.encontraportovelho.com.br\/sobre\/author\/eportovelho\/\"}]}<\/script>\n<!-- \/ Yoast SEO plugin. -->","yoast_head_json":{"title":"Porto Velho sedia 2\u00aa edi\u00e7\u00e3o da Expo Turismo - Encontra Porto Velho","robots":{"index":"index","follow":"follow","max-snippet":"max-snippet:-1","max-image-preview":"max-image-preview:large","max-video-preview":"max-video-preview:-1"},"canonical":"https:\/\/www.encontraportovelho.com.br\/sobre\/porto-velho-sedia-2a-edicao-da-expo-turismo\/","og_locale":"pt_BR","og_type":"article","og_title":"Porto Velho sedia 2\u00aa edi\u00e7\u00e3o da Expo Turismo - Encontra Porto Velho","og_description":"Porto Velho revela seu potencial tur\u00edstico na 2\u00aa Expo Turismo.","og_url":"https:\/\/www.encontraportovelho.com.br\/sobre\/porto-velho-sedia-2a-edicao-da-expo-turismo\/","og_site_name":"Encontra Porto Velho","article_published_time":"2025-11-11T10:36:00+00:00","author":"Encontra Porto Velho","twitter_card":"summary_large_image","twitter_misc":{"Escrito por":"Encontra Porto Velho","Est. tempo de leitura":"4 minutos"},"schema":{"@context":"https:\/\/schema.org","@graph":[{"@type":"WebPage","@id":"https:\/\/www.encontraportovelho.com.br\/sobre\/porto-velho-sedia-2a-edicao-da-expo-turismo\/","url":"https:\/\/www.encontraportovelho.com.br\/sobre\/porto-velho-sedia-2a-edicao-da-expo-turismo\/","name":"Porto Velho sedia 2\u00aa edi\u00e7\u00e3o da Expo Turismo - Encontra Porto Velho","isPartOf":{"@id":"https:\/\/www.encontraportovelho.com.br\/sobre\/#website"},"datePublished":"2025-11-11T10:36:00+00:00","dateModified":"2025-11-11T10:36:00+00:00","author":{"@id":"https:\/\/www.encontraportovelho.com.br\/sobre\/#\/schema\/person\/42176525a40bfc9eb32e562df7b23a2f"},"breadcrumb":{"@id":"https:\/\/www.encontraportovelho.com.br\/sobre\/porto-velho-sedia-2a-edicao-da-expo-turismo\/#breadcrumb"},"inLanguage":"pt-BR","potentialAction":[{"@type":"ReadAction","target":["https:\/\/www.encontraportovelho.com.br\/sobre\/porto-velho-sedia-2a-edicao-da-expo-turismo\/"]}]},{"@type":"BreadcrumbList","@id":"https:\/\/www.encontraportovelho.com.br\/sobre\/porto-velho-sedia-2a-edicao-da-expo-turismo\/#breadcrumb","itemListElement":[{"@type":"ListItem","position":1,"name":"In\u00edcio","item":"https:\/\/www.encontraportovelho.com.br\/sobre\/"},{"@type":"ListItem","position":2,"name":"Porto Velho sedia 2\u00aa edi\u00e7\u00e3o da Expo Turismo"}]},{"@type":"WebSite","@id":"https:\/\/www.encontraportovelho.com.br\/sobre\/#website","url":"https:\/\/www.encontraportovelho.com.br\/sobre\/","name":"Encontra Porto Velho","description":"Not\u00edcias, eventos, informa\u00e7\u00f5es e dicas na cidade de Porto Velho e regi\u00e3o.","potentialAction":[{"@type":"SearchAction","target":{"@type":"EntryPoint","urlTemplate":"https:\/\/www.encontraportovelho.com.br\/sobre\/?s={search_term_string}"},"query-input":"required name=search_term_string"}],"inLanguage":"pt-BR"},{"@type":"Person","@id":"https:\/\/www.encontraportovelho.com.br\/sobre\/#\/schema\/person\/42176525a40bfc9eb32e562df7b23a2f","name":"Encontra Porto Velho","image":{"@type":"ImageObject","inLanguage":"pt-BR","@id":"https:\/\/www.encontraportovelho.com.br\/sobre\/#\/schema\/person\/image\/","url":"https:\/\/secure.gravatar.com\/avatar\/f007732be0d27cbf8a336929fe922478?s=96&d=mm&r=g","contentUrl":"https:\/\/secure.gravatar.com\/avatar\/f007732be0d27cbf8a336929fe922478?s=96&d=mm&r=g","caption":"Encontra Porto Velho"},"sameAs":["http:\/\/www.encontraportovelho.com.br"],"url":"https:\/\/www.encontraportovelho.com.br\/sobre\/author\/eportovelho\/"}]}},"_links":{"self":[{"href":"https:\/\/www.encontraportovelho.com.br\/sobre\/wp-json\/wp\/v2\/posts\/999","targetHints":{"allow":["GET"]}}],"collection":[{"href":"https:\/\/www.encontraportovelho.com.br\/sobre\/wp-json\/wp\/v2\/posts"}],"about":[{"href":"https:\/\/www.encontraportovelho.com.br\/sobre\/wp-json\/wp\/v2\/types\/post"}],"author":[{"embeddable":true,"href":"https:\/\/www.encontraportovelho.com.br\/sobre\/wp-json\/wp\/v2\/users\/1"}],"replies":[{"embeddable":true,"href":"https:\/\/www.encontraportovelho.com.br\/sobre\/wp-json\/wp\/v2\/comments?post=999"}],"version-history":[{"count":0,"href":"https:\/\/www.encontraportovelho.com.br\/sobre\/wp-json\/wp\/v2\/posts\/999\/revisions"}],"wp:featuredmedia":[{"embeddable":true,"href":"https:\/\/www.encontraportovelho.com.br\/sobre\/wp-json\/wp\/v2\/media\/998"}],"wp:attachment":[{"href":"https:\/\/www.encontraportovelho.com.br\/sobre\/wp-json\/wp\/v2\/media?parent=999"}],"wp:term":[{"taxonomy":"category","embeddable":true,"href":"https:\/\/www.encontraportovelho.com.br\/sobre\/wp-json\/wp\/v2\/categories?post=999"},{"taxonomy":"post_tag","embeddable":true,"href":"https:\/\/www.encontraportovelho.com.br\/sobre\/wp-json\/wp\/v2\/tags?post=999"}],"curies":[{"name":"wp","href":"https:\/\/api.w.org\/{rel}","templated":true}]}}